{"id":3428,"date":"2016-05-31T09:44:35","date_gmt":"2016-05-31T09:44:35","guid":{"rendered":"https:\/\/visionblue.wordpress.com\/?p=3428"},"modified":"2021-02-15T15:59:48","modified_gmt":"2021-02-15T15:59:48","slug":"ist-die-erde-eine-scheibe","status":"publish","type":"post","link":"https:\/\/visionblue.info\/?p=3428","title":{"rendered":"Ist die Erde eine Scheibe?"},"content":{"rendered":"<figure id=\"attachment_3429\" aria-describedby=\"caption-attachment-3429\" style=\"width: 450px\" class=\"wp-caption alignleft\"><a href=\"https:\/\/upload.wikimedia.org\/wikipedia\/commons\/2\/2f\/Flat_earth.png\" target=\"_blank\" rel=\"https:\/\/upload.wikimedia.org\/wikipedia\/commons\/2\/2f\/Flat_earth.png noopener noreferrer\"><img data-recalc-dims=\"1\" loading=\"lazy\" decoding=\"async\" class=\"wp-image-3429 size-full\" src=\"https:\/\/visionblue.files.wordpress.com\/2016\/05\/flache-erde-scheibe-450.jpg?resize=450%2C450\" alt=\"flache-erde-scheibe-450\" width=\"450\" height=\"450\" srcset=\"https:\/\/i0.wp.com\/visionblue.info\/wp-content\/uploads\/2016\/05\/flache-erde-scheibe-450.jpg?w=450&amp;ssl=1 450w, https:\/\/i0.wp.com\/visionblue.info\/wp-content\/uploads\/2016\/05\/flache-erde-scheibe-450.jpg?resize=150%2C150&amp;ssl=1 150w, https:\/\/i0.wp.com\/visionblue.info\/wp-content\/uploads\/2016\/05\/flache-erde-scheibe-450.jpg?resize=300%2C300&amp;ssl=1 300w\" sizes=\"auto, (max-width: 450px) 100vw, 450px\" \/><\/a><figcaption id=\"caption-attachment-3429\" class=\"wp-caption-text\">Bild-Quelle: Wikipedia<\/figcaption><\/figure>\n<p style=\"text-align: justify;\">Wenn man die \u00dcberschrift zu diesem Artikel liest, mag jeder sofort einen Antagonismus zu meinem Motto: <em>&#8222;Die Welt ist keine Scheibe!&#8220;<\/em> erkennen. Nicht umsonst habe ich dieses Motto gew\u00e4hlt, weil es ja sonnenklar sein sollte, dass die Erde (=Welt) eben keine Scheibe ist. Insoweit ist die Frage in der \u00dcberschrift ein Antagonismus zu meinem Motto. Ich ziehe dieses Motto gelegentlich gerne heran, um merkw\u00fcrdige Thesen und Behauptungen mit einem solchen Vergleich hinsichtlich ihres Aussagegehaltes blo\u00dfzustellen. Nun habe ich bei Facebook einen <a href=\"https:\/\/www.facebook.com\/jobewusst\/posts\/1059861590734379\" target=\"_blank\" rel=\"noopener noreferrer\">Beitrag von Jo Conrad<\/a> gelesen, in welchem er darstellt, dass es in der Wahrheitsbewegung zwei Gruppierungen zur Theorie der flachen Erde gibt; diejenigen, die die Meinung vertreten, dass die Erde flach ist und diejenigen, welche das f\u00fcr Unsinn halten. Da ruft Herr Conrad die Internetgemeinde auf, dass F\u00fcr und Wider in einem pers\u00f6nlichen Statement zu begr\u00fcnden und ihm zukommen zu lassen. Ich habe mich zu dem Thema weiterhin ein wenig im Internet umgesehen. Man kann sich bei <a href=\"https:\/\/www.youtube.com\/results?search_query=erde+scheibe\" target=\"_blank\" rel=\"noopener noreferrer\">Youtube bereits zahlreiche Videos<\/a> zu diesem Thema zu Gem\u00fcte f\u00fchren. Au\u00dferdem wird das Thema in diversen Seiten des Internets umfangreich ausgewalzt (<a href=\"http:\/\/flache-erde.info\/forum\/viewtopic.php?t=14\" target=\"_blank\" rel=\"noopener noreferrer\">Bef\u00fcrworter <\/a>und <a href=\"http:\/\/www.clearskyblog.de\/2016\/01\/12\/5-eindeutige-und-nachvollziehbare-beweise-das-die-erde-nicht-flach-sein-kann\/\" target=\"_blank\" rel=\"noopener noreferrer\">Gegner<\/a>). Meine Meinung zu dem Thema habe ich bereits oben kundgetan; ich werde sie aber &#8211; mit der gebotenen Ernsthaftigkeit auch begr\u00fcnden:<br \/>\n<span class=\"UFICommentBody\">Also mal ganz im Ernst: Wer schon einmal in andere Breitengrade gereist ist, wird festgestellt haben, dass es dort &#8211; je n\u00e4her am \u00c4quator um so deutlicher &#8211; keine langen D\u00e4mmerungsphasen gibt, wie etwa in Deutschland oder gar Skandinavien. \u00dcberdies steht in \u00c4quatorn\u00e4he die Sonne um die Mittagszeit direkt \u00fcber einem und der K\u00f6rperschatten ist minimal. Je n\u00f6rdlicher oder s\u00fcdlicher man sich vom Breitengrad her auf der Erde aufh\u00e4lt um so l\u00e4nger sind die Schatten um die Mittagszeit und um so l\u00e4nger ist die jeweilige D\u00e4mmerungsphase. Weiterhin wei\u00df man &#8211; wenn man denn mal sehr weit gereist ist &#8211; aus eigener Erfahrung, dass es Zeitzonen gibt, welche auch einen Sinn haben. Stellen wir uns mal vor, die Erde w\u00e4re tats\u00e4chlich eine Scheibe, wo die uns bekannte Erdoberfl\u00e4che auf der einen Seite der Medaille liegt. Dann h\u00e4tten wir wohl einen Sonnenaufgang, der \u00fcberall gleichzeitig erfolgt und wo es keine unterschiedlichen D\u00e4mmerungsphasen gibt. Da \u00fcberall die Sonne gleichzeitig auf und untergeht, m\u00fcsste es auch keine Zeitzonen geben; sondern nur eine Weltzeit. Tats\u00e4chlich aber ist eine Weltzeit nicht m\u00f6glich, weil die Erde nun mal eine Kugel ist. Da ich schon auf Bali weilte und von dort aus nach Hause telefonierte, kann ich versichern, dass die Tageszeit in Indonesien in Ermangelung des gleichen Sonnenstandes wie in Deutschland nicht die selbe ist. Wer seine Lieben schon mal mitten in der Nacht aus dem Bett geklingelt hat, als er im Urlaub weilte und dort schon sch\u00f6n oder immer noch Tag war, w\u00e4hrend in Deutschland finsterste Nacht herrschte, wird keinen Zweifel haben, dass es kein Gleichzeitig gibt. Ein Gleichzeitig m\u00fcsste es aber zwingend geben, wenn die Erde eine Scheibe w\u00e4re. Zum guter letzt stellt sich da auch noch die Frage, was da am Rande der &#8222;Scheibe&#8220; passieren m\u00fcsste, wenn ein Schiff diese erreicht? Schwappt dort das Wasser, samt auf ihm fahrenden Schiffen auf die andere Seite der &#8222;Erdenmedaille&#8220;? M\u00fcsste es eigentlich, da das Wasser durch die Gravitation der Erde gebunden wird. Was passiert mit Flugzeugen, die den Rand der Scheibe erreichen? M\u00fcssten diese nicht an eine unsichtbare Barriere knallen oder pl\u00f6tzlich im Weltraum fliegen? Warum hat noch niemand etwas \u00fcber solche Begebenheiten berichtet? Nun &#8230; man k\u00f6nnte das ganze Thema mit allen seinen theoretischen Varianten und Denkans\u00e4tzen noch sehr viel weiter spinnen. Jedoch habe ich eine Ahnung und stelle mir die Frage, wer diesen Unsinn ausgel\u00f6st hat? Ich sch\u00e4tze mal, das war jemand, der sich jetzt den Bauch vor Lachen h\u00e4lt &#8230; Schade um die Zeit!<\/span><\/p>\n<p style=\"text-align: justify;\"><strong>Hinweis:<\/strong> Alle in diesem Blog vorgenommenen Darstellungen geben meine pers\u00f6nliche Meinung wieder. Diese Meinungs\u00e4u\u00dferung ist vom Grundgesetz f\u00fcr die Bundesrepublik Deutschland gesch\u00fctzt. Bei diesem Blog handelt es sich um einen rein privaten Blog.<\/p>\n<div class=\"jnheader\"><\/div>\n<h1 class=\"entry-title\"><\/h1>\n","protected":false},"excerpt":{"rendered":"<p>Wenn man die \u00dcberschrift zu diesem Artikel liest, mag jeder sofort einen Antagonismus zu meinem Motto: &#8222;Die Welt ist keine Scheibe!&#8220; erkennen. Nicht umsonst habe ich dieses Motto gew\u00e4hlt, weil es ja sonnenklar sein sollte, dass die Erde (=Welt) eben keine Scheibe ist. Insoweit ist die Frage in der \u00dcberschrift ein Antagonismus zu meinem Motto. Ich ziehe dieses Motto gelegentlich gerne heran, um merkw\u00fcrdige Thesen und Behauptungen mit einem solchen Vergleich hinsichtlich ihres Aussagegehaltes blo\u00dfzustellen.<\/p>\n","protected":false},"author":1,"featured_media":3429,"comment_status":"open","ping_status":"open","sticky":false,"template":"","format":"standard","meta":{"jetpack_post_was_ever_published":false,"_jetpack_newsletter_access":"","_jetpack_dont_email_post_to_subs":false,"_jetpack_newsletter_tier_id":0,"_jetpack_memberships_contains_paywalled_content":false,"_jetpack_memberships_contains_paid_content":false,"footnotes":"","jetpack_publicize_message":"","jetpack_publicize_feature_enabled":true,"jetpack_social_post_already_shared":false,"jetpack_social_options":{"image_generator_settings":{"template":"highway","enabled":false},"version":2}},"categories":[3,4,5],"tags":[211,262,373,425,427,525,698,707,1154,1337],"class_list":["post-3428","post","type-post","status-publish","format-standard","has-post-thumbnail","hentry","category-bluevisions","category-dayvisions","category-linkvisions","tag-breitengrad","tag-daemmerungsphasen","tag-erde","tag-flache-erde","tag-flat-earth","tag-gravitation","tag-kugel","tag-laengengrade","tag-theorie","tag-zeitzonen"],"jetpack_publicize_connections":[],"jetpack_featured_media_url":"https:\/\/i0.wp.com\/visionblue.info\/wp-content\/uploads\/2016\/05\/flache-erde-scheibe-450.jpg?fit=450%2C450&ssl=1","jetpack_sharing_enabled":true,"jetpack_shortlink":"https:\/\/wp.me\/paoLFj-Ti","_links":{"self":[{"href":"https:\/\/visionblue.info\/index.php?rest_route=\/wp\/v2\/posts\/3428","targetHints":{"allow":["GET"]}}],"collection":[{"href":"https:\/\/visionblue.info\/index.php?rest_route=\/wp\/v2\/posts"}],"about":[{"href":"https:\/\/visionblue.info\/index.php?rest_route=\/wp\/v2\/types\/post"}],"author":[{"embeddable":true,"href":"https:\/\/visionblue.info\/index.php?rest_route=\/wp\/v2\/users\/1"}],"replies":[{"embeddable":true,"href":"https:\/\/visionblue.info\/index.php?rest_route=%2Fwp%2Fv2%2Fcomments&post=3428"}],"version-history":[{"count":3,"href":"https:\/\/visionblue.info\/index.php?rest_route=\/wp\/v2\/posts\/3428\/revisions"}],"predecessor-version":[{"id":5942,"href":"https:\/\/visionblue.info\/index.php?rest_route=\/wp\/v2\/posts\/3428\/revisions\/5942"}],"wp:featuredmedia":[{"embeddable":true,"href":"https:\/\/visionblue.info\/index.php?rest_route=\/wp\/v2\/media\/3429"}],"wp:attachment":[{"href":"https:\/\/visionblue.info\/index.php?rest_route=%2Fwp%2Fv2%2Fmedia&parent=3428"}],"wp:term":[{"taxonomy":"category","embeddable":true,"href":"https:\/\/visionblue.info\/index.php?rest_route=%2Fwp%2Fv2%2Fcategories&post=3428"},{"taxonomy":"post_tag","embeddable":true,"href":"https:\/\/visionblue.info\/index.php?rest_route=%2Fwp%2Fv2%2Ftags&post=3428"}],"curies":[{"name":"wp","href":"https:\/\/api.w.org\/{rel}","templated":true}]}}