{"id":5401,"date":"2019-05-04T21:51:21","date_gmt":"2019-05-04T21:51:21","guid":{"rendered":"http:\/\/visionblue.info\/?p=5401"},"modified":"2021-07-22T08:45:59","modified_gmt":"2021-07-22T08:45:59","slug":"freispruch-fuer-das-co2","status":"publish","type":"post","link":"https:\/\/visionblue.info\/?p=5401","title":{"rendered":"Freispruch f\u00fcr das CO2"},"content":{"rendered":"<p style=\"text-align: justify;\"><a href=\"https:\/\/i0.wp.com\/visionblue.info\/wp-content\/uploads\/2019\/05\/Freispruch-CO2.jpg?ssl=1\" target=\"_blank\" rel=\"noopener noreferrer\"><img data-recalc-dims=\"1\" loading=\"lazy\" decoding=\"async\" class=\"wp-image-5405 size-full aligncenter\" src=\"https:\/\/i0.wp.com\/visionblue.info\/wp-content\/uploads\/2019\/05\/Freispruch-CO2.jpg?resize=810%2C552&#038;ssl=1\" alt=\"\" width=\"810\" height=\"552\" srcset=\"https:\/\/i0.wp.com\/visionblue.info\/wp-content\/uploads\/2019\/05\/Freispruch-CO2.jpg?w=1248&amp;ssl=1 1248w, https:\/\/i0.wp.com\/visionblue.info\/wp-content\/uploads\/2019\/05\/Freispruch-CO2.jpg?resize=300%2C204&amp;ssl=1 300w, https:\/\/i0.wp.com\/visionblue.info\/wp-content\/uploads\/2019\/05\/Freispruch-CO2.jpg?resize=768%2C523&amp;ssl=1 768w, https:\/\/i0.wp.com\/visionblue.info\/wp-content\/uploads\/2019\/05\/Freispruch-CO2.jpg?resize=1024%2C697&amp;ssl=1 1024w\" sizes=\"auto, (max-width: 810px) 100vw, 810px\" \/><\/a>Greta Thunberg, von Beruf Klimaaktivistin, kann nach einem seit Anfang der Woche im Handel erh\u00e4ltlichen Buch der Familie Thunberg CO2 mit dem blo\u00dfen Auge sehen. <span class=\"s1\"><em>\u201eGreta geh\u00f6rt zu den wenigen, die unsere Kohlendioxide mit blo\u00dfem Auge erkennen k\u00f6nnen. Sie sieht, wie die Treibhausgase aus unseren Schornsteinen str\u00f6men, mit dem Wind in den Himmel steigen und die Atmosph\u00e4re in eine gigantische unsichtbare M\u00fcllhalde verwandeln. Sie ist das Kind, wir sind der Kaiser. Und wir sind alle nackt.\u201c <a href=\"https:\/\/www.epochtimes.de\/meinung\/kommentar\/sie-kann-die-co2-molekuele-sehen-greta-thunberg-als-helena-blavatsky-des-21-jahrhunderts-a2872626.html?fbclid=IwAR1tkKFzzxFfnRkp5iG8sArN26ofDlTDni0Yhh7OgretfWSVQ9SpTcYqXsg\" target=\"_blank\" rel=\"noopener noreferrer\">(Quelle)<\/a><\/em> Nicht dass ich \u00fcbersinnliche F\u00e4higkeiten in Frage stelle, jedoch ist zu bezweifeln, dass man ein Gas &#8222;sehen&#8220; kann, das nur 0,038% der Erdatmosph\u00e4re ausmacht. Was Greta tats\u00e4chlich sieht, wei\u00df ich nicht. Allerdings ist die Ikone der Klimaretter damit nun nicht gerade mehr die Idealbotschafterin der Klimalobbyisten, denn es ist ja alles andere als wissenschaftlich, seine Aktivit\u00e4ten mit \u00fcbersinnlichen F\u00e4higkeiten zu begr\u00fcnden. Derweil treten ja im Internet Heerscharen von Klimaaktivisten in Aktion, die verbissen den CO2-Hype anfeuern. Bisweilen werde auch ich angegiftet und mir wird vorgehalten, dass ich keine einzige wissenschaftliche Abhandlung vorlegen k\u00f6nne, die die CO2 verursachte Erderw\u00e4rmungstheorie widerlegen k\u00f6nne. Da erinnerte ich mich an eine Abhandlung, die ich vor einiger Zeit im Internet gefunden hatte. Darin untersuchen die Physiker <a href=\"https:\/\/de.wikipedia.org\/wiki\/Gerhard_Gerlich_(Physiker)\" target=\"_blank\" rel=\"noopener noreferrer\">Prof. Dr. Gerlich<\/a> und <a href=\"https:\/\/www.youtube.com\/watch?v=FpF-OXHJwBc\" target=\"_blank\" rel=\"noopener noreferrer\">Dr. Tscheuschner<\/a> den Einfluss von CO2 auf die Erdatmosph\u00e4re. Die wissenschaftliche Abhandlung lautet: &#8222;<a href=\"https:\/\/web.archive.org\/web\/20190704071623\/http:\/\/fortschrittinfreiheit.de\/veroeffentlichungen\/falsi.pdf\" target=\"_blank\" rel=\"noopener\">Falsifizierung der atmosph\u00e4rischen CO2 &#8211; Treibhauseffekte im Rahmen der Physik<\/a>&#8222;. Auf 130 Seiten erl\u00e4utern die Wissenschaftler, warum CO2 f\u00fcr eine Klimaerw\u00e4rmung gar nicht verantwortlich sein kann. Sie kommen zu dem Fazit:<br \/>\n<\/span><\/p>\n<p style=\"text-align: justify;\"><em>&#8222;Der Punkt,\u00a0<span class=\"text_exposed_show\">der hier diskutiert werden sollte, war die Beantwortung der Frage, ob der behauptete atmosph\u00e4rische Effekt eine physikalischen Basis hat. Die ist nicht der Fall. <strong>Zusammenfassend gesagt, gibt es keinen Treibhauseffekt, insbesondere keinen atmosph\u00e4rischen CO2-Treibhauseffekt, weder in der Theoretischen Physik, noch in der Ingenieursthermodynamik.<\/strong> Es ist daher nicht legitim, daraus Vorhersagen herzuleiten und sie als Beratungsl\u00f6sung f\u00fcr \u00d6konomie und regierungs\u00fcbergreifende Politik zu verkaufen.&#8220;<\/span><\/em><\/p>\n<p><iframe loading=\"lazy\" title=\"Dr. Ralf D. Tscheuschner - Der CO2-Klima-Schwindel\" width=\"810\" height=\"456\" src=\"https:\/\/www.youtube.com\/embed\/FpF-OXHJwBc?start=1572&#038;feature=oembed\" frameborder=\"0\" allow=\"accelerometer; autoplay; clipboard-write; encrypted-media; gyroscope; picture-in-picture; web-share\" referrerpolicy=\"strict-origin-when-cross-origin\" allowfullscreen><\/iframe><\/p>\n<p style=\"text-align: justify;\">Bitte lasst euch also nicht von Politikern, Klimaaktivistinnen, die CO2 mit blo\u00dfem Auge erkennen k\u00f6nnen und Lobbyisten, die mit einer L\u00fcge viel Geld machen wollen, f\u00fcr dumm verkaufen. Wer nach dem Lesen dieser wissenschaftlichen Abhandlung noch glaubt, dass CO2 einen Treibhauseffekt verursacht, der glaubt auch, dass man das Sonnenlicht in Eimern in H\u00e4user tragen kann!<\/p>\n<p><img data-recalc-dims=\"1\" loading=\"lazy\" decoding=\"async\" class=\"alignnone wp-image-5409 size-full\" src=\"https:\/\/i0.wp.com\/visionblue.info\/wp-content\/uploads\/2019\/05\/KlimaGezeiten.jpg?resize=810%2C415&#038;ssl=1\" alt=\"\" width=\"810\" height=\"415\" srcset=\"https:\/\/i0.wp.com\/visionblue.info\/wp-content\/uploads\/2019\/05\/KlimaGezeiten.jpg?w=1691&amp;ssl=1 1691w, https:\/\/i0.wp.com\/visionblue.info\/wp-content\/uploads\/2019\/05\/KlimaGezeiten.jpg?resize=300%2C154&amp;ssl=1 300w, https:\/\/i0.wp.com\/visionblue.info\/wp-content\/uploads\/2019\/05\/KlimaGezeiten.jpg?resize=768%2C394&amp;ssl=1 768w, https:\/\/i0.wp.com\/visionblue.info\/wp-content\/uploads\/2019\/05\/KlimaGezeiten.jpg?resize=1024%2C525&amp;ssl=1 1024w, https:\/\/i0.wp.com\/visionblue.info\/wp-content\/uploads\/2019\/05\/KlimaGezeiten.jpg?w=1620&amp;ssl=1 1620w\" sizes=\"auto, (max-width: 810px) 100vw, 810px\" \/><\/p>\n<p style=\"text-align: justify;\">Der sog. Klimaschutz ist unsinnig, weil man &#8222;Klima&#8220; nicht &#8222;sch\u00fctzen&#8220; kann.<br \/>\nUmweltschutz ist der richtige Begriff! Man muss Regenw\u00e4lder sch\u00fctzen, Meere sch\u00fctzen, Rohstoffabbau verantwortlich vornehmen und keinen Rohstoffraubbau betreiben! Renaturierung und Nachhaltigkeit sind wichtig! Man muss die Wegwerfmentalit\u00e4t angehen! Schlie\u00dflich muss man die \u00dcberbev\u00f6lkerung der Erde <span style=\"font-size: 1.125rem;\">durch Geburtenkontrolle <\/span><span style=\"font-size: 1.125rem;\">stoppen !<\/span><\/p>\n","protected":false},"excerpt":{"rendered":"<p>Greta Thunberg, von Beruf Klimaaktivistin, kann nach einem seit Anfang der Woche im Handel erh\u00e4ltlichen Buch der Familie Thunberg CO2 mit dem blo\u00dfen Auge sehen. \u201eGreta geh\u00f6rt zu den wenigen, die unsere Kohlendioxide mit blo\u00dfem Auge erkennen k\u00f6nnen. Sie sieht, wie die Treibhausgase aus unseren Schornsteinen str\u00f6men, mit dem Wind in den Himmel steigen und die Atmosph\u00e4re in eine gigantische unsichtbare M\u00fcllhalde verwandeln. Sie ist das Kind, wir sind der Kaiser. Und wir sind alle<\/p>\n","protected":false},"author":1,"featured_media":5408,"comment_status":"open","ping_status":"open","sticky":false,"template":"","format":"standard","meta":{"jetpack_post_was_ever_published":false,"_jetpack_newsletter_access":"","_jetpack_dont_email_post_to_subs":false,"_jetpack_newsletter_tier_id":0,"_jetpack_memberships_contains_paywalled_content":false,"_jetpack_memberships_contains_paid_content":false,"footnotes":"","jetpack_publicize_message":"","jetpack_publicize_feature_enabled":true,"jetpack_social_post_already_shared":true,"jetpack_social_options":{"image_generator_settings":{"template":"highway","enabled":false},"version":2}},"categories":[3,4,5,6],"tags":[1401,374,1411,1398,1409,1407,1410,1413,1414,1412,1311],"class_list":["post-5401","post","type-post","status-publish","format-standard","has-post-thumbnail","hentry","category-bluevisions","category-dayvisions","category-linkvisions","category-paravisions","tag-co2","tag-erderwaermung","tag-gerlich","tag-greta-thunberg","tag-klimaleugner","tag-klimawandel","tag-lobby","tag-physik","tag-thermodynamik","tag-tscheuschner","tag-wissenschaft"],"jetpack_publicize_connections":[],"jetpack_featured_media_url":"https:\/\/i0.wp.com\/visionblue.info\/wp-content\/uploads\/2019\/05\/Freispruch-CO2-1.jpg?fit=1837%2C1080&ssl=1","jetpack_sharing_enabled":true,"jetpack_shortlink":"https:\/\/wp.me\/paoLFj-1p7","_links":{"self":[{"href":"https:\/\/visionblue.info\/index.php?rest_route=\/wp\/v2\/posts\/5401","targetHints":{"allow":["GET"]}}],"collection":[{"href":"https:\/\/visionblue.info\/index.php?rest_route=\/wp\/v2\/posts"}],"about":[{"href":"https:\/\/visionblue.info\/index.php?rest_route=\/wp\/v2\/types\/post"}],"author":[{"embeddable":true,"href":"https:\/\/visionblue.info\/index.php?rest_route=\/wp\/v2\/users\/1"}],"replies":[{"embeddable":true,"href":"https:\/\/visionblue.info\/index.php?rest_route=%2Fwp%2Fv2%2Fcomments&post=5401"}],"version-history":[{"count":6,"href":"https:\/\/visionblue.info\/index.php?rest_route=\/wp\/v2\/posts\/5401\/revisions"}],"predecessor-version":[{"id":6053,"href":"https:\/\/visionblue.info\/index.php?rest_route=\/wp\/v2\/posts\/5401\/revisions\/6053"}],"wp:featuredmedia":[{"embeddable":true,"href":"https:\/\/visionblue.info\/index.php?rest_route=\/wp\/v2\/media\/5408"}],"wp:attachment":[{"href":"https:\/\/visionblue.info\/index.php?rest_route=%2Fwp%2Fv2%2Fmedia&parent=5401"}],"wp:term":[{"taxonomy":"category","embeddable":true,"href":"https:\/\/visionblue.info\/index.php?rest_route=%2Fwp%2Fv2%2Fcategories&post=5401"},{"taxonomy":"post_tag","embeddable":true,"href":"https:\/\/visionblue.info\/index.php?rest_route=%2Fwp%2Fv2%2Ftags&post=5401"}],"curies":[{"name":"wp","href":"https:\/\/api.w.org\/{rel}","templated":true}]}}