{"id":5419,"date":"2019-07-16T14:46:15","date_gmt":"2019-07-16T14:46:15","guid":{"rendered":"http:\/\/visionblue.info\/?p=5419"},"modified":"2019-07-18T19:43:27","modified_gmt":"2019-07-18T19:43:27","slug":"kann-man-den-klimawandel-berechnen","status":"publish","type":"post","link":"https:\/\/visionblue.info\/?p=5419","title":{"rendered":"Kann man den Klimawandel berechnen?"},"content":{"rendered":"<figure id=\"attachment_5420\" aria-describedby=\"caption-attachment-5420\" style=\"width: 1499px\" class=\"wp-caption aligncenter\"><img data-recalc-dims=\"1\" loading=\"lazy\" decoding=\"async\" class=\"wp-image-5420 size-full\" src=\"https:\/\/i0.wp.com\/visionblue.info\/wp-content\/uploads\/2019\/07\/Klima-48-Stunden-WO-Screenshot.jpg?resize=810%2C453&#038;ssl=1\" alt=\"\" width=\"810\" height=\"453\" srcset=\"https:\/\/i0.wp.com\/visionblue.info\/wp-content\/uploads\/2019\/07\/Klima-48-Stunden-WO-Screenshot.jpg?w=1499&amp;ssl=1 1499w, https:\/\/i0.wp.com\/visionblue.info\/wp-content\/uploads\/2019\/07\/Klima-48-Stunden-WO-Screenshot.jpg?resize=300%2C168&amp;ssl=1 300w, https:\/\/i0.wp.com\/visionblue.info\/wp-content\/uploads\/2019\/07\/Klima-48-Stunden-WO-Screenshot.jpg?resize=768%2C430&amp;ssl=1 768w, https:\/\/i0.wp.com\/visionblue.info\/wp-content\/uploads\/2019\/07\/Klima-48-Stunden-WO-Screenshot.jpg?resize=1024%2C573&amp;ssl=1 1024w\" sizes=\"auto, (max-width: 810px) 100vw, 810px\" \/><figcaption id=\"caption-attachment-5420\" class=\"wp-caption-text\">ScreenShot &#8211; WetterOnline.de &#8211; Wetterradar<\/figcaption><\/figure>\n<p style=\"text-align: justify;\">WeltKlima (Wetter) 48 Stunden im Zeitraffer (zur\u00fcckgeblickt vom 30.06.2019, 18:00 MEZ) &#8230; wer nun behauptet, er k\u00f6nne so etwas f\u00fcr Jahre oder gar Jahrzehnte sicher vorherberechnen, der will uns einen B\u00e4ren aufbinden &#8230; Ehrliche Meterologen sagen: &#8222;Das Wetter ist ein nichtlineares chaotisches System!&#8220; Recht haben sie! Unwissenschaftliche Fiktionen taugen nichts!\u00a0 Wenn man sich die komplexen Prozesse betrachtet, dann mutet es als unausf\u00fchrbar an, solche Prozesse mit allen Erscheinungen f\u00fcr Jahrzehnte vorherzuberechnen. Das ist m.E. schlicht unm\u00f6glich. Wer von den Klimaerw\u00e4rmungs-Gurus etwas anderes behauptet, ist schlichtweg unseri\u00f6s. Da kann man auch gleich in die Glaskugel schauen &#8230;<\/p>\n<p><iframe loading=\"lazy\" title=\"WeltWetter 48 Stunden - Kann man das Klima berechnen? Wohl kaum!\" width=\"810\" height=\"456\" src=\"https:\/\/www.youtube.com\/embed\/V_qKHYry1Io?feature=oembed\" frameborder=\"0\" allow=\"accelerometer; autoplay; clipboard-write; encrypted-media; gyroscope; picture-in-picture; web-share\" referrerpolicy=\"strict-origin-when-cross-origin\" allowfullscreen><\/iframe><\/p>\n<p>Kalter Julistart &#8230; wo bleiben die Schlagzeilen? &#8230; Hier das Wetter in Mitteleuropa der letzten 48 Stunden (zur\u00fcck vom Zeitpunkt 07.07.2019, <a class=\"yt-simple-endpoint style-scope yt-formatted-string\" spellcheck=\"false\" href=\"https:\/\/www.youtube.com\/watch?v=3liSXHmMYJw&amp;t=540s\">9:00<\/a> MEZ) ! &#8230;<\/p>\n<p><iframe loading=\"lazy\" title=\"Klima 48 Stunden Mitteleuropa\" width=\"810\" height=\"456\" src=\"https:\/\/www.youtube.com\/embed\/3liSXHmMYJw?feature=oembed\" frameborder=\"0\" allow=\"accelerometer; autoplay; clipboard-write; encrypted-media; gyroscope; picture-in-picture; web-share\" referrerpolicy=\"strict-origin-when-cross-origin\" allowfullscreen><\/iframe><\/p>\n<p style=\"text-align: justify;\"><strong>Nachtrag vom 18. Juli 2019:<\/strong><br \/>\n<span data-offset-key=\"6e6je-0-0\">Der Autor des unten verlinkten Videos erkl\u00e4rt nachvollziehbar an Hand der offiziellen Wetter-Datenbank des DeutschenWetterDienstes, dass seit 1989 zahlreiche Wetter-Messtationen in Deutschland abgebaut, bzw. in die N\u00e4he von Ballungsr\u00e4ume und dichte Besiedlungen verlagert wurden. Messwerte die z.B.noch 1989 aus den h\u00f6heren Lagen des Schwarzwaldes gewonnen wurden, existieren 2018 nicht mehr, weil es die Messstationen nicht mehr gibt. Das betrifft auch zahlreiche weitere Messtationen in Mittelgebirgen Deutschlands. Da aus allen Daten der Wetterstationen die j\u00e4hrliche Durchschnittstemperatur ermittelt wird, welche nat\u00fcrlich als Beleg f\u00fcr die Klimaerw\u00e4rmung herangezogen wird, wird deutlich, dass die Daten durch nicht vergleichbare Datenquellen schlichtweg unbrauchbar sind, um eine Klimaerw\u00e4rmungskurve zu belegen. Bitte tut euch das mal an und vollzieht es selbst nach &#8230; wir werden offenbar ganz sch\u00f6n an der Nase herumgef\u00fchrt!<br \/>\n<\/span><\/p>\n<p><iframe loading=\"lazy\" title=\"Tricksen, T\u00e4uschen, Fabulieren - Der Klimaschwindel\" width=\"810\" height=\"456\" src=\"https:\/\/www.youtube.com\/embed\/ZYXrGlYAZOg?feature=oembed\" frameborder=\"0\" allow=\"accelerometer; autoplay; clipboard-write; encrypted-media; gyroscope; picture-in-picture; web-share\" referrerpolicy=\"strict-origin-when-cross-origin\" allowfullscreen><\/iframe><\/p>\n<p><span data-offset-key=\"6e6je-0-0\">\u00a0<\/span><\/p>\n<p>&nbsp;<\/p>\n<div data-contents=\"true\">\n<div class=\"_2cuy _3dgx\" data-block=\"true\" data-editor=\"1b1ge\" data-offset-key=\"859t0-0-0\">\n<div class=\"_1mf _1mj\" data-offset-key=\"859t0-0-0\"><span data-offset-key=\"859t0-0-0\">\u00a0<\/span><\/div>\n<\/div>\n<\/div>\n","protected":false},"excerpt":{"rendered":"<p>WeltKlima (Wetter) 48 Stunden im Zeitraffer (zur\u00fcckgeblickt vom 30.06.2019, 18:00 MEZ) &#8230; wer nun behauptet, er k\u00f6nne so etwas f\u00fcr Jahre oder gar Jahrzehnte sicher vorherberechnen, der will uns einen B\u00e4ren aufbinden &#8230; Ehrliche Meterologen sagen: &#8222;Das Wetter ist ein nichtlineares chaotisches System!&#8220; Recht haben sie! Unwissenschaftliche Fiktionen taugen nichts!\u00a0 Wenn man sich die komplexen Prozesse betrachtet, dann mutet es als unausf\u00fchrbar an, solche Prozesse mit allen Erscheinungen f\u00fcr Jahrzehnte vorherzuberechnen. Das ist m.E. schlicht<\/p>\n","protected":false},"author":1,"featured_media":5420,"comment_status":"open","ping_status":"open","sticky":false,"template":"","format":"standard","meta":{"jetpack_post_was_ever_published":false,"_jetpack_newsletter_access":"","_jetpack_dont_email_post_to_subs":false,"_jetpack_newsletter_tier_id":0,"_jetpack_memberships_contains_paywalled_content":false,"_jetpack_memberships_contains_paid_content":false,"footnotes":"","jetpack_publicize_message":"","jetpack_publicize_feature_enabled":true,"jetpack_social_post_already_shared":true,"jetpack_social_options":{"image_generator_settings":{"template":"highway","enabled":false},"version":2}},"categories":[3,4,5],"tags":[1401,1420,1417,1415,664,1416,1419,1407,1418,1297],"class_list":["post-5419","post","type-post","status-publish","format-standard","has-post-thumbnail","hentry","category-bluevisions","category-dayvisions","category-linkvisions","tag-co2","tag-co2steuer","tag-greta","tag-ipcc","tag-klima","tag-klimaaktivisten","tag-klimarettung","tag-klimawandel","tag-thunberg","tag-wetter"],"jetpack_publicize_connections":[],"jetpack_featured_media_url":"https:\/\/i0.wp.com\/visionblue.info\/wp-content\/uploads\/2019\/07\/Klima-48-Stunden-WO-Screenshot.jpg?fit=1499%2C839&ssl=1","jetpack_sharing_enabled":true,"jetpack_shortlink":"https:\/\/wp.me\/paoLFj-1pp","_links":{"self":[{"href":"https:\/\/visionblue.info\/index.php?rest_route=\/wp\/v2\/posts\/5419","targetHints":{"allow":["GET"]}}],"collection":[{"href":"https:\/\/visionblue.info\/index.php?rest_route=\/wp\/v2\/posts"}],"about":[{"href":"https:\/\/visionblue.info\/index.php?rest_route=\/wp\/v2\/types\/post"}],"author":[{"embeddable":true,"href":"https:\/\/visionblue.info\/index.php?rest_route=\/wp\/v2\/users\/1"}],"replies":[{"embeddable":true,"href":"https:\/\/visionblue.info\/index.php?rest_route=%2Fwp%2Fv2%2Fcomments&post=5419"}],"version-history":[{"count":11,"href":"https:\/\/visionblue.info\/index.php?rest_route=\/wp\/v2\/posts\/5419\/revisions"}],"predecessor-version":[{"id":5432,"href":"https:\/\/visionblue.info\/index.php?rest_route=\/wp\/v2\/posts\/5419\/revisions\/5432"}],"wp:featuredmedia":[{"embeddable":true,"href":"https:\/\/visionblue.info\/index.php?rest_route=\/wp\/v2\/media\/5420"}],"wp:attachment":[{"href":"https:\/\/visionblue.info\/index.php?rest_route=%2Fwp%2Fv2%2Fmedia&parent=5419"}],"wp:term":[{"taxonomy":"category","embeddable":true,"href":"https:\/\/visionblue.info\/index.php?rest_route=%2Fwp%2Fv2%2Fcategories&post=5419"},{"taxonomy":"post_tag","embeddable":true,"href":"https:\/\/visionblue.info\/index.php?rest_route=%2Fwp%2Fv2%2Ftags&post=5419"}],"curies":[{"name":"wp","href":"https:\/\/api.w.org\/{rel}","templated":true}]}}