{"id":5516,"date":"2020-03-22T11:20:55","date_gmt":"2020-03-22T11:20:55","guid":{"rendered":"http:\/\/visionblue.info\/?p=5516"},"modified":"2022-01-26T00:54:59","modified_gmt":"2022-01-26T00:54:59","slug":"the-corona-virus-is-everywhere-stay-home","status":"publish","type":"post","link":"https:\/\/visionblue.info\/?p=5516","title":{"rendered":"The Corona-Virus is everywhere &#8230; Stay Home!?"},"content":{"rendered":"<figure id=\"attachment_5517\" aria-describedby=\"caption-attachment-5517\" style=\"width: 1600px\" class=\"wp-caption aligncenter\"><img data-recalc-dims=\"1\" loading=\"lazy\" decoding=\"async\" src=\"https:\/\/i0.wp.com\/visionblue.info\/wp-content\/uploads\/2020\/03\/Dont-ride.jpg?resize=810%2C584&#038;ssl=1\" class=\"size-full wp-image-5517\" alt=\"\" width=\"810\" height=\"584\" srcset=\"https:\/\/i0.wp.com\/visionblue.info\/wp-content\/uploads\/2020\/03\/Dont-ride.jpg?w=1600&amp;ssl=1 1600w, https:\/\/i0.wp.com\/visionblue.info\/wp-content\/uploads\/2020\/03\/Dont-ride.jpg?resize=300%2C216&amp;ssl=1 300w, https:\/\/i0.wp.com\/visionblue.info\/wp-content\/uploads\/2020\/03\/Dont-ride.jpg?resize=768%2C553&amp;ssl=1 768w, https:\/\/i0.wp.com\/visionblue.info\/wp-content\/uploads\/2020\/03\/Dont-ride.jpg?resize=1024%2C738&amp;ssl=1 1024w\" sizes=\"auto, (max-width: 810px) 100vw, 810px\" \/><figcaption id=\"caption-attachment-5517\" class=\"wp-caption-text\">Persiflage auf eine Schl\u00fcsselszene des ersten Teils der Serie &#8222;The Walking Death&#8220;<\/figcaption><\/figure>\n<p style=\"text-align: justify\">Das Corona-Virus (Fachbegriff: SARS-CoV-2) hat das Leben in Deutschland &#8211; und in weiten Teilen der Welt &#8211; fest im Griff. Die Frage die sich stellt: Ist der eingeleitete Aktionismus angesichts der Zahlen der Infizierten, der an COVID-19 Erkrankten und der Mortalit\u00e4t &#8211; die kausal auf den Virus und diese Erkrankung zur\u00fcckgeht &#8211; \u00fcbertrieben oder nicht? Es mehren sich Stimmen von namhaften Mikrobiologen und Virologen, die angeben, dass das SARS-CoV-2-Virus nur eines von vielen Corona-Viren ist, die gemeinhin Mensch und Tier besiedeln, ohne wirklich Schaden zu verursachen. Ist das nun wieder eine str\u00e4fliche Verharmlosung? Jeder urteile selbst! Die <a href=\"https:\/\/www.infektionsschutz.de\/coronavirus\/\" target=\"_blank\" rel=\"noopener noreferrer\">offiziellen Handlungsempfehlungen der Bundeszentrale f\u00fcr gesundheitliche Aufkl\u00e4rung<\/a> die sie auf die Verlautbarungen des <a href=\"https:\/\/www.rki.de\/DE\/Content\/InfAZ\/N\/Neuartiges_Coronavirus\/nCoV.html\" target=\"_blank\" rel=\"noopener noreferrer\">Robert-Koch-Instituts<\/a> st\u00fctzt, kann jeder zur Kenntnis nehmen oder wird dies bereits getan haben. Man kann sich dem auch kaum entziehen, da sie dar\u00fcber hinaus in den Medien gebetsm\u00fchlenartig wiederholt werden. Man empfiehlt: 1. Abstand halten 2. Hygiene (H\u00e4ndewaschen) 3. Pers\u00f6nliche soziale Kontakte au\u00dferhalb der Familie auf ein Minimum einschr\u00e4nken 4. Wenn m\u00f6glich &#8211; zu Hause bleiben! Da es immer noch viele Menschen gibt, die insbesondere der letzten Empfehlung keine Folge leisten, wird eine Ausgangssperre, die bereits in anderen L\u00e4ndern praktiziert wird, erwogen und wohl auch kommen.<\/p>\n<p style=\"text-align: justify\">Praktizierende \u00c4rzte \u00e4u\u00dfern Bedenken im Hinblick auf die Fokussierung auf den SARS-CoV-2-Virus bez\u00fcglich der dazu offziell verlautbarten Ansichten. Kritisiert wird insbesondere die Ungenauigkeit der Testmethode, mit welcher der SARS-CoV-2-Virus festgesetllt werden soll. <span class=\"style-scope yt-formatted-string\" dir=\"auto\">Der erfahrene Internist Dr. med. Claus K\u00f6hnlein aus Kiel kl\u00e4rt in einem Interview mit RT-deutsch auf, dass die Tests eine hohe Fehlerquote aufweisen, und zweifelt insgesamt an der in den Medien dargestellten Gefahr durch das Virus.&nbsp;&nbsp; <\/span><\/p>\n<p><a href=\"https:\/\/youtu.be\/rz8E7EaVdww\" target=\"_blank\" rel=\"noopener\">https:\/\/youtu.be\/rz8E7EaVdww<\/a><\/p>\n<p style=\"text-align: justify\">Mit seiner Auffassung zur Ungenauigkeit der Tests scheint er nicht allein dazustehen, denn selbst in chinesischen Quellen wird \u00fcber dieses Problem berichtet. So schreibt der Wissenschaftler am <span class=\"notranslate\">Gesundheitswissenschaftlichen Zentrum der Universit\u00e4t Xi&#8217;an Jiaotong, Abteilung f\u00fcr Epidemiologie und Biostatistik, <\/span><span class=\"notranslate\"><span role=\"menubar\">Zhonghua Liu Xing Bing Xue Za Zhi <\/span><\/span><span class=\"notranslate\"><span role=\"menubar\"><a href=\"https:\/\/www.ncbi.nlm.nih.gov\/pubmed\/32133832\" target=\"_blank\" rel=\"noopener noreferrer\">in einer Abhandlung, die am 05.03.2020<\/a><\/span><\/span><span class=\"notranslate\"><span role=\"menubar\"> ver\u00f6ffentlicht wurde:<br \/>\n<\/span><\/span><span class=\"notranslate\"><span role=\"menubar\"><em><span style=\"color: #808080\">&#8222;<\/span><\/em><\/span><\/span><span class=\"notranslate\"><span role=\"menubar\"><em><span style=\"color: #808080\"><b>Ziel:<\/b><\/span><\/em><\/span><\/span><span class=\"notranslate\"><span role=\"menubar\"><em><span style=\"color: #808080\"> Da die Pr\u00e4vention und Kontrolle von COVID-19 weiter voranschreitet, wurde in vielen Teilen Chinas das aktive Nukleins\u00e4uretest-Screening in engen Kontakten der Patienten durchgef\u00fchrt. Die falsch-positive Rate positiver Ergebnisse im Screening wurde bisher jedoch nicht berichtet. Bei der Kontrolle und Pr\u00e4vention von COVID-19 ist es jedoch wichtig, die falsch-positive Rate w\u00e4hrend des Screenings zu kl\u00e4ren. <\/span><\/em><\/span><\/span><span class=\"notranslate\"><span role=\"menubar\"><em><span style=\"color: #808080\"><b>Methoden:<\/b><\/span><\/em><\/span><\/span><span class=\"notranslate\"><span role=\"menubar\"><em><span style=\"color: #808080\"> Auf der Grundlage der uns derzeit zur Verf\u00fcgung stehenden Informationen wurden Punktwerte und angemessene Bereiche der Indikatoren gesch\u00e4tzt, die sich auf die falsch-positive Rate positiver Ergebnisse auswirken. Die falsch-positive Rate positiver Ergebnisse im aktiven Screening wurde abgeleitet und univariate und multivariate-probabilistische Sensitivit\u00e4tsanalysen durchgef\u00fchrt, um die Robustheit der Ergebnisse zu verstehen. <\/span><\/em><\/span><\/span><span class=\"notranslate\"><span role=\"menubar\"><em><span style=\"color: #808080\"><b>Ergebnisse:<\/b><\/span><\/em><\/span><\/span><span class=\"notranslate\"><span role=\"menubar\"><em><span style=\"color: #808080\"> Wenn die Infektionsrate der engen Kontakte und die Sensitivit\u00e4t und Spezifit\u00e4t der gemeldeten Ergebnisse als Punktsch\u00e4tzungen herangezogen wurden, betrug der positive Vorhersagewert des aktiven Screenings nur 19,67%, <\/span><\/em><\/span><\/span><span class=\"notranslate\"><span role=\"menubar\"><em><span style=\"color: #808080\"><strong>im Gegensatz dazu betrug die falsch-positive Rate der positiven Ergebnisse 80,33%<\/strong><\/span><\/em><\/span><\/span><span class=\"notranslate\"><span role=\"menubar\"><em><span style=\"color: #808080\">. Die Ergebnisse der multivariaten-probabilistischen Sensitivit\u00e4tsanalyse st\u00fctzten die Ergebnisse des Basisfalls mit einer Wahrscheinlichkeit von 75% f\u00fcr die falsch-positive Rate positiver Ergebnisse \u00fcber 47%. <\/span><\/em><\/span><\/span><span class=\"notranslate\"><span role=\"menubar\"><em><span style=\"color: #808080\"><b>Schlussfolgerungen:<\/b><\/span><\/em><\/span><\/span><span class=\"notranslate\"><span role=\"menubar\"><em><span style=\"color: #808080\"> Bei den engen Kontakten von COVID-19-Patienten k\u00f6nnte fast die H\u00e4lfte oder sogar mehr der im Screening auf aktive Nukleins\u00e4uretests gemeldeten \u201easymptomatisch infizierten Personen\u201c falsch positiv sein.&#8220;&nbsp;<\/span><\/em><\/span><\/span><span class=\"notranslate\"><span role=\"menubar\"><em> <\/em><\/span><\/span><span class=\"notranslate\"><span role=\"menubar\"><br \/>\n<\/span><\/span><\/p>\n<p style=\"text-align: justify\">Falsch positiv bedeutet, dass der Corona-Test bei der getesteten Person eine Infektion mit dem SARS-CoV-2-Virus darstellt, welche jedoch gar nicht auf dieses Virus zur\u00fcckgeht, sondern auch ein anderer Virus sein k\u00f6nnte. Diese Darstellung best\u00e4tigt die Vermutung des Internisten Dr. K\u00f6hnlein aus Kiel, dass der Corona-Test unbrauchbar ist, um tats\u00e4chlich sicher eine Infektion mit dem SARS-CoV-2-Virus festzustellen.<\/p>\n<p style=\"text-align: justify\">Auch der Biophysiker <a href=\"https:\/\/ifep.ch\/andreas-kalcker\/\" target=\"_blank\" rel=\"noopener noreferrer\">Andreas Kalcker<\/a>, welcher seit Jahren die Wirksamkeit von Chlordioxidl\u00f6sung (CDL) gegen jede Art von pathogenen Keimen vertritt und unter Beweis stellt, \u00e4u\u00dferte sich Mitte Februar in einem Interview f\u00fcr die Seite <a href=\"https:\/\/www.gesundheits-universum.de\/coronavirus-was-sie-jetzt-wissen-muessen\/\" target=\"_blank\" rel=\"noopener noreferrer\">Gesundheits-Universum<\/a> zum Corona-Virus SARS-CoV-2 und legte dar, dass das Virus nur eines von vielen der Corona-Familie sei, die Menschen und Tiere permanent in sich tragen. Er bezweifelte, dass die eben genau f\u00fcr dieses Virus in China entwickelten Tests sicher seien, da man rein faktisch nicht innerhalb weniger Wochen einen solchen Test entwickeln und dem strengen Zulassungsverfahren unterwerfen k\u00f6nne. Nat\u00fcrlich betonte Kalcker, dass man jede Art von Corona-Virus wirksam mit CDL behandeln kann.<br \/>\n<a href=\"https:\/\/t.me\/VisionBlueInfo\/171\" target=\"_blank\" rel=\"noopener noreferrer\">Das Video kann nur in meinem Telegram-Kanal angeschaut werden<\/a>, da es bei Youtube gel\u00f6scht wurde.<br \/>\n<script async src=\"https:\/\/telegram.org\/js\/telegram-widget.js?7\" data-telegram-post=\"VisionBlueInfo\/171\" data-width=\"100%\"><\/script><\/p>\n<p style=\"text-align: justify\">Schlussendlich habe ich in Kalckers Buch eben sehr interessante Ausf\u00fchrungen gefunden, die belegen, dass das im Mainstream als &#8222;Chlorbleiche&#8220; diskreditierte Chlordioxid eben doch auch zur Entkeimung sehr wirksam ist. So gibt es z.B. ein US-Patent <span id=\"fbPhotoSnowliftCaption\" class=\"fbPhotosPhotoCaption\" tabindex=\"0\" aria-live=\"polite\" data-ft=\"{\" tn><span class=\"hasCaption\">zur Desinfektion von Blutplasma gegen jegliche Keime mit Chlordioxid! <\/span><\/span><span id=\"fbPhotoSnowliftCaption\" class=\"fbPhotosPhotoCaption\" tabindex=\"0\" aria-live=\"polite\" data-ft=\"{\" tn><span class=\"hasCaption\"><a href=\"https:\/\/patents.google.com\/patent\/US5019402A\/en\" target=\"_blank\" rel=\"noopener noreferrer\">Das genannte Patent ist hier einzusehen.&nbsp;<\/a><\/span><\/span><span id=\"fbPhotoSnowliftCaption\" class=\"fbPhotosPhotoCaption\" tabindex=\"0\" aria-live=\"polite\" data-ft=\"{\" tn><span class=\"hasCaption\"><span class=\"text_exposed_show\"><br \/>\n&#8222;Abstrakt<br \/>\nDie ist eine Pr\u00e4sentation der Zusammensetzung und des Verfahrens zum Desinfizieren oder im wesentlichen Sterilisieren von Blutfraktionen und Blutbestandteilen offenbart. Die Zusammensetzung wird durch Zugabe einer Chlordioxid freisetzenden Verbindung mit einer schwachen organischen S\u00e4ure und einem w\u00e4rmeaktivierten Saccharid gebildet.&#8220;<br \/>\nEntnommen wurde diese Info aus dem Buch von Andreas Kalcker <\/span><\/span><\/span><span id=\"fbPhotoSnowliftCaption\" class=\"fbPhotosPhotoCaption\" tabindex=\"0\" aria-live=\"polite\" data-ft=\"{\" tn><span class=\"hasCaption\"><span class=\"text_exposed_show\"><a href=\"https:\/\/www.narayana-verlag.de\/Gesundheit-verboten-Andreas-Ludwig-Kalcker\/b22448\" target=\"_blank\" rel=\"noopener noreferrer\">&#8222;Gesundheit verboten&#8220;<\/a><\/span><\/span><\/span><span id=\"fbPhotoSnowliftCaption\" class=\"fbPhotosPhotoCaption\" tabindex=\"0\" aria-live=\"polite\" data-ft=\"{\" tn><span class=\"hasCaption\"><span class=\"text_exposed_show\">. <\/span><\/span><\/span><\/p>\n<p><img data-recalc-dims=\"1\" loading=\"lazy\" decoding=\"async\" src=\"https:\/\/i0.wp.com\/visionblue.info\/wp-content\/uploads\/2020\/03\/US-Patent-zur-Entkeimung-von-Blutplasma-mit-CDL.jpg?resize=720%2C960&#038;ssl=1\" class=\"aligncenter size-full wp-image-5519\" alt=\"\" width=\"720\" height=\"960\" srcset=\"https:\/\/i0.wp.com\/visionblue.info\/wp-content\/uploads\/2020\/03\/US-Patent-zur-Entkeimung-von-Blutplasma-mit-CDL.jpg?w=720&amp;ssl=1 720w, https:\/\/i0.wp.com\/visionblue.info\/wp-content\/uploads\/2020\/03\/US-Patent-zur-Entkeimung-von-Blutplasma-mit-CDL.jpg?resize=225%2C300&amp;ssl=1 225w\" sizes=\"auto, (max-width: 720px) 100vw, 720px\" \/><\/p>\n<p style=\"text-align: justify\"><span id=\"fbPhotoSnowliftCaption\" class=\"fbPhotosPhotoCaption\" tabindex=\"0\" aria-live=\"polite\" data-ft=\"{\" tn><span class=\"hasCaption\">Wenn Chlordioxid geeignet ist, um jegliche Keime (Viren, Bakterien, Pilze) im Blutplasma zu neutralisieren, warum ist es nicht einmal eine \u00dcberlegung wert, diese Erkenntnis bei Menschen zu nutzen, die auf der Schwelle des Todes ste<\/span><\/span><span id=\"fbPhotoSnowliftCaption\" class=\"fbPhotosPhotoCaption\" tabindex=\"0\" aria-live=\"polite\" data-ft=\"{\" tn><span class=\"hasCaption\"><span class=\"text_exposed_show\">hen und zwar egal, ob sie mit dem Corona-Virus SARS-CoV-2 oder jedem anderen pathogenen Keim infiziert sind.<\/span><\/span><\/span><\/p>\n<p style=\"text-align: justify\">An anderer Stelle verweist das o.g. Buch von Andreas Kalcker <a href=\"https:\/\/www.microbiologyresearch.org\/content\/journal\/jgv\/10.1099\/vir.0.83393-0\" target=\"_blank\" rel=\"noopener noreferrer\">auf einen Artikel von 2008<\/a>&nbsp; im <a href=\"https:\/\/www.microbiologyresearch.org\/content\/journal\/jgv\" target=\"_blank\" rel=\"noopener noreferrer\">Journal General Virology<\/a>, wonach eine japanische Pharmafirma durch ihr Forschungsinstitut die Wirksamkeit von Chlordioxid im Hinblick auf den Schutz gegen das Influenza A Virus untersucht hat.<\/p>\n<p><img data-recalc-dims=\"1\" loading=\"lazy\" decoding=\"async\" src=\"https:\/\/i0.wp.com\/visionblue.info\/wp-content\/uploads\/2020\/03\/Japanische-Studie-mit-Chlordioxid.jpg?resize=810%2C631&#038;ssl=1\" class=\"alignnone size-full wp-image-5528\" alt=\"\" width=\"810\" height=\"631\" srcset=\"https:\/\/i0.wp.com\/visionblue.info\/wp-content\/uploads\/2020\/03\/Japanische-Studie-mit-Chlordioxid.jpg?w=960&amp;ssl=1 960w, https:\/\/i0.wp.com\/visionblue.info\/wp-content\/uploads\/2020\/03\/Japanische-Studie-mit-Chlordioxid.jpg?resize=300%2C234&amp;ssl=1 300w, https:\/\/i0.wp.com\/visionblue.info\/wp-content\/uploads\/2020\/03\/Japanische-Studie-mit-Chlordioxid.jpg?resize=768%2C598&amp;ssl=1 768w\" sizes=\"auto, (max-width: 810px) 100vw, 810px\" \/><\/p>\n<p>\u00dcbrigens hat auch die US Army Chlordioxid als erfolgreiches Mittel gegen das gef\u00e4hrliche Ebola-Virus entdeckt, was <a href=\"https:\/\/www.army.mil\/article\/136641\/Natick_plays_key_role_in_helping_to_fight_spread_of_Ebola\/\" target=\"_blank\" rel=\"noopener noreferrer\">aus diesem Artikel<\/a> der Homepage <a href=\"http:\/\/www.army.mil\" target=\"_blank\" rel=\"noopener noreferrer\">www.army.mil<\/a> hervorgeht:<\/p>\n<p><a href=\"https:\/\/www.army.mil\/article\/136641\/Natick_plays_key_role_in_helping_to_fight_spread_of_Ebola\/\" target=\"_blank\" rel=\"noopener noreferrer\"><img data-recalc-dims=\"1\" loading=\"lazy\" decoding=\"async\" src=\"https:\/\/i0.wp.com\/visionblue.info\/wp-content\/uploads\/2020\/03\/army-ebola-cdl.jpg?resize=810%2C707&#038;ssl=1\" class=\"alignnone size-full wp-image-5523\" alt=\"\" width=\"810\" height=\"707\" srcset=\"https:\/\/i0.wp.com\/visionblue.info\/wp-content\/uploads\/2020\/03\/army-ebola-cdl.jpg?w=1057&amp;ssl=1 1057w, https:\/\/i0.wp.com\/visionblue.info\/wp-content\/uploads\/2020\/03\/army-ebola-cdl.jpg?resize=300%2C262&amp;ssl=1 300w, https:\/\/i0.wp.com\/visionblue.info\/wp-content\/uploads\/2020\/03\/army-ebola-cdl.jpg?resize=768%2C670&amp;ssl=1 768w, https:\/\/i0.wp.com\/visionblue.info\/wp-content\/uploads\/2020\/03\/army-ebola-cdl.jpg?resize=1024%2C893&amp;ssl=1 1024w\" sizes=\"auto, (max-width: 810px) 100vw, 810px\" \/><\/a><\/p>\n<p style=\"text-align: justify\">Zitat aus dem Artikel:<br \/>\n<span style=\"color: #808080\"><em>&#8222;<\/em><\/span><span style=\"color: #808080\"><em><span class=\"tlid-translation translation\" lang=\"de\">Dr. Christopher Doona, der f\u00fchrende Erfinder dieser tragbaren Methode zur Erzeugung von ClO2, ist ein leitender Forschungschemiker am Zentrum, der vor Ort als Natick Labs bekannt ist und \u00fcber umfangreiche Erfahrung in der ClO2-Reaktionschemie verf\u00fcgt. Doona und seinem Team wird die Erfindung und Perfektionierung dieses Prozesses zur Umwandlung von Trockenpulverchemikalien in ClO2 zugeschrieben.<br \/>\nLaut Doona ist ein wichtiger Exponent von ClO2 seine Vielseitigkeit als Desinfektionsmittel, das f\u00fcr jede Branche geeignet ist, von Textilien, Medizin, Abwasserbehandlung und \u00f6ffentlicher Gesundheit bis hin zu Lebensmittelsicherheit, pers\u00f6nlicher Hygiene und Haushaltsanwendungen. ClO2 kann in kleinen oder gro\u00dfen Mengen und in unterschiedlichen St\u00e4rken aktiviert werden, von stark genug, um medizinische Instrumente zu sterilisieren, bis mild genug, um in Zahnpasta verwendet zu werden, um Keime im Mund abzuwehren.<\/span><\/em><\/span><span style=\"color: #808080\"><em>&#8222;<\/em><\/span><br \/>\nJepp, das von den deutschen Mainstreammedien als Chlorbleiche verschriene Chlordioxid wurde von der US-Army als effektives Mittel f\u00fcr die Entkeimung von Material und Mensch im Felde entdeckt! Warum also wird es nicht auch f\u00fcr die zivile Bek\u00e4mpfung von Virus-Epidemien verwendet? Diese Frage muss man&nbsp; sich stellen! Und die Entdeckung hat auch nichts mit Donald Trump zu tun, dem man gerne verschw\u00f6rerische Entscheidungen zurechnet, da im Jahre 2014 bekanntlich noch Pr\u00e4sident Obama im Amt war.<\/p>\n<p>Mit der \u00dcberschrift \u201eOxidantien: Vom B\u00f6sewicht zum wichtigen Zellregulator\u201c publizierte im September 2019, das der Pharmaindustrie naheliegende Magazin \u201eMEDIZIN ASPEKTE\u201c <a href=\"https:\/\/medizin-aspekte.de\/oxidantien-vom-boesewicht-zum-wichtigen-zellregulator-_37391-28606\/\" target=\"_blank\" rel=\"noopener noreferrer\">einen Artikel<\/a>, der Chlordioxid-Kundige aufhorchen l\u00e4sst. W\u00e4hrend in den Leitmedien das Oxidant Chlordioxid als gef\u00e4hrliches Bleichmittel verleumdet wird, forschen deutsche Universit\u00e4ten intensiv an den positiven Wirkungen von Oxidantien (d.h. reaktive Sauerstoff- oder Stickstoffmolek\u00fcle), bei neurodegenerativen und entz\u00fcndlichen Krankheiten sowie bei Infektionskrankheiten.<\/p>\n<div style=\"text-align: justify\">Die Initiatorin des Forschungsprojektes \u201eDynamics of Thiol-based Redox Switches in Cellular Physiology\u201c, Prof. Dr. Katja Becker, Inhaberin des Lehrstuhls f\u00fcr Biochemie und Molekularbiologie der Justus-Liebig-Universit\u00e4t Gie\u00dfen (JLU) beschreibt ihr Vorhaben, das zugleich zu einem Schwerpunktprogramm der Deutschen Forschungsgemeinschaft (DFG) wie folgt: \u201eBei diesem Projekt handelt es sich um die Erforschung fundamentaler zellul\u00e4rer Prozesse, die auch von gro\u00dfer Bedeutung sind f\u00fcr biochemische Prozesse in pathogenen Organismen und damit die Bek\u00e4mpfung von Infektionskrankheiten\u201c.<i><br \/>\n<\/i><\/div>\n<div style=\"text-align: justify\">Oxidantien haben demnach einen wichtigen Einfluss auf die sogenannten Protein-Thiol-Schalter im lebenden Organismus. Diese spielen in Zellen eine wichtige Funktion bei der Regulation von Zellwachstum und Differenzierung.<\/div>\n<p style=\"text-align: justify\"><strong>Fazit:<\/strong><br \/>\nAuf Grund obiger Darstellungen ist es fraglich, ob die aktuellen offiziellen Einsch\u00e4tzungen des Robert-Koch-Instituts zu den Corona-F\u00e4llen in Deutschland und der Welt im dargestellten Kontext zutreffen. Insbesondere die Testmethode ist im Hinblick auf die Fehlerquote falsch positiv getesteter Personen problematisch. Die getroffenen Ma\u00dfnahmen erscheinen sinnvoll, wenn man die generelle Verbreitung von Corona- und Influenzaviren eind\u00e4mmen will; jedoch muss neu betrachtet werden, ob und wie lange die daraus resultierenden Einschr\u00e4nkungen f\u00fcr die Wirtschaft und das \u00f6ffentliche Leben in diesem Ma\u00dfe zu rechtfertigen sind. Mit Chlordioxid(l\u00f6sung) k\u00f6nnte man sehr schnell medizinische Erfolge im Kampf gegen pathogene Keime jeder Art erzielen, und dies so auch gegen das <span id=\"fbPhotoSnowliftCaption\" class=\"fbPhotosPhotoCaption\" tabindex=\"0\" aria-live=\"polite\" data-ft=\"{\" tn><span class=\"hasCaption\"><span class=\"text_exposed_show\">Corona-Virus SARS-CoV-2 <\/span><\/span><\/span>einsetzen.<\/p>\n<p><strong>Rechtlicher Hinweis:<br \/>\n<\/strong>Alle Bild- und Text-Informationen dienen lediglich der Berichterstattung und nicht der Verwertung im Sinne des Marken- und Urheberrechtes.<\/p>\n<p>&nbsp;<\/p>\n<p>&nbsp;<\/p>\n","protected":false},"excerpt":{"rendered":"<p>Das Corona-Virus (Fachbegriff: SARS-CoV-2) hat das Leben in Deutschland &#8211; und in weiten Teilen der Welt &#8211; fest im Griff. Die Frage die sich stellt: Ist der eingeleitete Aktionismus angesichts der Zahlen der Infizierten, der an COVID-19 Erkrankten und der Mortalit\u00e4t &#8211; die kausal auf den Virus und diese Erkrankung zur\u00fcckgeht &#8211; \u00fcbertrieben oder nicht? Es mehren sich Stimmen von namhaften Mikrobiologen und Virologen, die angeben, dass das SARS-CoV-2-Virus nur eines von vielen Corona-Viren ist,<\/p>\n","protected":false},"author":1,"featured_media":5517,"comment_status":"open","ping_status":"open","sticky":false,"template":"","format":"standard","meta":{"jetpack_post_was_ever_published":false,"_jetpack_newsletter_access":"","_jetpack_dont_email_post_to_subs":false,"_jetpack_newsletter_tier_id":0,"_jetpack_memberships_contains_paywalled_content":false,"_jetpack_memberships_contains_paid_content":false,"footnotes":"","jetpack_publicize_message":"","jetpack_publicize_feature_enabled":true,"jetpack_social_post_already_shared":true,"jetpack_social_options":{"image_generator_settings":{"template":"highway","enabled":false},"version":2}},"categories":[3],"tags":[1441,244,1445,1435,1446,1436,554,595,1447,1442,685,1448,1440,1444,1443,1439,1437,1438],"class_list":["post-5516","post","type-post","status-publish","format-standard","has-post-thumbnail","hentry","category-bluevisions","tag-cdl","tag-chlordioxid","tag-claus-koehnlein","tag-coronavirus","tag-covid-19","tag-desinfektion","tag-heilung","tag-infektion","tag-influenza-a","tag-kalcker","tag-krankheit","tag-mortalitaet","tag-robert-koch-institut","tag-sars-cov-2","tag-sucharit-bhakdi","tag-tests","tag-usarmy","tag-virologen"],"jetpack_publicize_connections":[],"jetpack_featured_media_url":"https:\/\/i0.wp.com\/visionblue.info\/wp-content\/uploads\/2020\/03\/Dont-ride.jpg?fit=1600%2C1153&ssl=1","jetpack_sharing_enabled":true,"jetpack_shortlink":"https:\/\/wp.me\/paoLFj-1qY","_links":{"self":[{"href":"https:\/\/visionblue.info\/index.php?rest_route=\/wp\/v2\/posts\/5516","targetHints":{"allow":["GET"]}}],"collection":[{"href":"https:\/\/visionblue.info\/index.php?rest_route=\/wp\/v2\/posts"}],"about":[{"href":"https:\/\/visionblue.info\/index.php?rest_route=\/wp\/v2\/types\/post"}],"author":[{"embeddable":true,"href":"https:\/\/visionblue.info\/index.php?rest_route=\/wp\/v2\/users\/1"}],"replies":[{"embeddable":true,"href":"https:\/\/visionblue.info\/index.php?rest_route=%2Fwp%2Fv2%2Fcomments&post=5516"}],"version-history":[{"count":19,"href":"https:\/\/visionblue.info\/index.php?rest_route=\/wp\/v2\/posts\/5516\/revisions"}],"predecessor-version":[{"id":6446,"href":"https:\/\/visionblue.info\/index.php?rest_route=\/wp\/v2\/posts\/5516\/revisions\/6446"}],"wp:featuredmedia":[{"embeddable":true,"href":"https:\/\/visionblue.info\/index.php?rest_route=\/wp\/v2\/media\/5517"}],"wp:attachment":[{"href":"https:\/\/visionblue.info\/index.php?rest_route=%2Fwp%2Fv2%2Fmedia&parent=5516"}],"wp:term":[{"taxonomy":"category","embeddable":true,"href":"https:\/\/visionblue.info\/index.php?rest_route=%2Fwp%2Fv2%2Fcategories&post=5516"},{"taxonomy":"post_tag","embeddable":true,"href":"https:\/\/visionblue.info\/index.php?rest_route=%2Fwp%2Fv2%2Ftags&post=5516"}],"curies":[{"name":"wp","href":"https:\/\/api.w.org\/{rel}","templated":true}]}}