{"id":5627,"date":"2020-08-23T09:28:07","date_gmt":"2020-08-23T09:28:07","guid":{"rendered":"http:\/\/visionblue.info\/?p=5627"},"modified":"2021-02-13T10:04:12","modified_gmt":"2021-02-13T10:04:12","slug":"corona-was-ist-die-wahrheit-oder-die-pflicht","status":"publish","type":"post","link":"https:\/\/visionblue.info\/?p=5627","title":{"rendered":"Corona &#8211; Was ist die Wahrheit oder die Pflicht?"},"content":{"rendered":"\r\n\r\n\r\n<figure id=\"attachment_5632\" aria-describedby=\"caption-attachment-5632\" style=\"width: 1470px\" class=\"wp-caption alignnone\"><img data-recalc-dims=\"1\" loading=\"lazy\" decoding=\"async\" class=\"size-full wp-image-5632\" src=\"https:\/\/i0.wp.com\/visionblue.info\/wp-content\/uploads\/2020\/08\/Blolivien-CDL.jpg?resize=810%2C592&#038;ssl=1\" alt=\"\" width=\"810\" height=\"592\" srcset=\"https:\/\/i0.wp.com\/visionblue.info\/wp-content\/uploads\/2020\/08\/Blolivien-CDL.jpg?w=1470&amp;ssl=1 1470w, https:\/\/i0.wp.com\/visionblue.info\/wp-content\/uploads\/2020\/08\/Blolivien-CDL.jpg?resize=300%2C219&amp;ssl=1 300w, https:\/\/i0.wp.com\/visionblue.info\/wp-content\/uploads\/2020\/08\/Blolivien-CDL.jpg?resize=1024%2C748&amp;ssl=1 1024w, https:\/\/i0.wp.com\/visionblue.info\/wp-content\/uploads\/2020\/08\/Blolivien-CDL.jpg?resize=768%2C561&amp;ssl=1 768w\" sizes=\"auto, (max-width: 810px) 100vw, 810px\" \/><figcaption id=\"caption-attachment-5632\" class=\"wp-caption-text\">Screenshot der offiziellen bolivianischen Senatsseite<\/figcaption><\/figure>\r\n<p style=\"text-align: justify;\">Die Corona-Pandemie, kein anderes Thema beherrscht zur Zeit unser Tagesgeschehen. Maskenpflicht, Quarant\u00e4ne, Corona-Tests, Superspreader-Events und t\u00e4glich werden uns diese Begriffe um die Ohren gehauen und die Zahlen neuer &#8222;Corona-F\u00e4lle&#8220;.<\/p>\r\n\r\n\r\n\r\n<p style=\"text-align: justify;\">Im M\u00e4rz 2020 wusste man nicht, was da auf einen zurollt! Mittlerweile sind die Meinungen von zum Sinn der Pandemiema\u00dfnahmen unter Wissenschaftlern umstritten.<\/p>\r\n\r\n\r\n\r\n<p style=\"text-align: justify;\">Am 20. Mai hatte ich berichtet, dass man in Ecuador in Ermangelung der Wirksamkeit anderer Mittel zu Chlordioxidl\u00f6sung bei der Bek\u00e4mpfung von COVID-19 gegriffen hat und erste Testreihen zu 97% erfogreich waren, mithin selbst die allermeisten Schwerstkranken geheilt werden konnten. Nun hat sich dies doch in S\u00fcdamerika verbreitet, denn nun wurde zum Beispiel am 14. Juli 2020 <a href=\"https:\/\/web.senado.gob.bo\/prensa\/noticias\/aprueban-norma-que-permite-la-producci%C3%B3n-y-uso-adecuado-de-la-soluci%C3%B3n-de-di%C3%B3xido-de\" target=\"_blank\" rel=\"noreferrer noopener\" aria-label=\"in Bolivien vom dortigen Senat CDL f\u00fcr die COVID19 Medikation offiziell gesetzlich zugelassen. (opens in a new tab)\">in Bolivien vom dortigen Senat CDL f\u00fcr die COVID19 Medikation offiziell gesetzlich zugelassen.<\/a><\/p>\r\n<p style=\"text-align: justify;\">Dort hei\u00dft es:<br \/><em>&#8222;Der gesamte Senat hat an diesem Dienstag den Gesetzentwurf gebilligt, der in au\u00dfergew\u00f6hnlicher Weise die Ausarbeitung, Vermarktung, Lieferung und Verwendung der Chlordioxidl\u00f6sung zur Vorbeugung und Behandlung des Coronavirus gestattet. Gem\u00e4\u00df der Norm wird diese Bestimmung so lange dauern, wie das Risiko einer Ansteckung des Coronavirus besteht, und die Herstellung der Chlordioxidl\u00f6sung erfolgt in \u00f6ffentlichen oder privaten Laboratorien, die von der zust\u00e4ndigen Beh\u00f6rde genehmigt wurden und die Qualit\u00e4tsma\u00dfnahmen einhalten und einschlie\u00dfen m\u00fcssen Am Ende des Produkts Informationen, die die Zusammensetzung, Dosierung, Vorsichtsma\u00dfnahme und Sorgfalt beim Verzehr belegen. \u00a0 Laboratorien oder Universit\u00e4ten k\u00f6nnen direkt an die Zentralregierung, Gouvernorate und Gemeinden und \/ oder gesetzlich konstituierte Apotheken verkaufen, letztere k\u00f6nnen auch ohne Rezept verkaufen. Ebenso m\u00fcssen die Abteilungs- und \/ oder Kommunalverwaltungen die Versorgung der \u00f6ffentlichen Gesundheit mit der Chlordioxidl\u00f6sung gew\u00e4hrleisten. Die Norm sieht auch vor, dass das Exekutivorgan in Abstimmung mit den autonomen Gebietseinheiten Kampagnen zur ordnungsgem\u00e4\u00dfen Verwendung der Chlordioxidl\u00f6sung durchf\u00fchren muss. \u00a0 Die Pr\u00e4sidentin des Senats, Eva Copa, sagte vor der Verabschiedung der Verordnung, dass sie die Spekulationen \u00fcber Chlordioxid mit Besorgnis gesehen habe, da einige Leute dieses Produkt auf dem Schwarzmarkt und ohne jegliche Regulierung kaufen Es muss ein Gesetz geben, das den Handel und die Produktion dieses Produkts kontrolliert. \u00a0 Ebenso stellte der Gesetzgeber klar, dass dieses Gesetz festlegt, dass die Verwendung von Chlordioxid zur Behandlung von Covid-19 freiwillig und nicht obligatorisch ist.&#8220; <\/em><\/p>\r\n\r\n\r\n\r\n\r\n\r\n<p style=\"text-align: justify;\">Von so etwas liest man in deutschen Medien nichts.<\/p>\r\n\r\n\r\n\r\n<p style=\"text-align: justify;\">Offensichtlich sehen dies die Beh\u00f6rden in s\u00fcdamerikanischen Staaten v\u00f6llig anders, was einen gro\u00dfen Schritt in die richtige Richtung darstellt. Man muss alle Mittel zur Bek\u00e4mpfung der COVID-19 Erkrankung in Betracht ziehen. <\/p>\r\n\r\n\r\n\r\n<p style=\"text-align: justify;\">Wie sieht es in Europa mit der Pandemielage aus? Es sind die Corona-Tests, die zur Verhinderung der Verbreitung des Virus zu tausenden t\u00e4glich durchgef\u00fchrt werden. Nun stellt sich aber die Frage, wie genau sind diese Tests und was belegen sie eigentlich? Hier gibt es unter Experten erhebliche Zweifel, werden doch in nicht vernachl\u00e4ssigbaren Gr\u00f6\u00dfenordnungen auch Personen als infiziert eingeordnet, die gar nicht Corona-Virus-Positiv bzw. infiziert sind. Die Folge; man wird ohne richtlerlichen Beschluss vom Gesundheitsamt f\u00fcr 14 Tage unter Quarant\u00e4ne gestellt. Ein postiver Corona PCR Test ist jedoch nur ein Indiz aber kein Beweis, dass man mit dem SARS-CoV2 Virus infiziert ist, da viele positiv Getestete, die in Quarant\u00e4ne geschickt werden, nicht einmal Krankheitssymptome zeigen.<br \/>Lassen wir doch mal Experten, wie Frau <a href=\"https:\/\/www.ukw.de\/frauenklinik\/team\/detail\/name\/kaemmerer-ulrike\/\" target=\"_blank\" rel=\"noreferrer noopener\" aria-label=\"Prof. Dr. rer. hum. biol. Ulrike K\u00e4mmerer (opens in a new tab)\">Prof. Dr. rer. hum. biol. Ulrike K\u00e4mmerer<\/a> zu den Corona-Tests zu Wort kommen:<\/p>\r\n<p><span class=\"embed-youtube\" style=\"text-align:center; display: block;\"><iframe loading=\"lazy\" class=\"youtube-player\" width=\"810\" height=\"456\" src=\"https:\/\/www.youtube.com\/embed\/E37DKS27Tl0?version=3&#038;rel=1&#038;showsearch=0&#038;showinfo=1&#038;iv_load_policy=1&#038;fs=1&#038;hl=de-DE&#038;autohide=2&#038;wmode=transparent\" allowfullscreen=\"true\" style=\"border:0;\" sandbox=\"allow-scripts allow-same-origin allow-popups allow-presentation allow-popups-to-escape-sandbox\"><\/iframe><\/span><\/p>\r\n\r\n\r\n\r\n\r\n\r\n<p style=\"text-align: justify;\">Derweil sind auch andere Experten, wie <a href=\"https:\/\/de.wikipedia.org\/wiki\/Sucharit_Bhakdi\" target=\"_blank\" rel=\"noreferrer noopener\" aria-label=\"Prof. Dr. Bhakdi (opens in a new tab)\">Prof. Dr. Bhakdi<\/a>, welcher unl\u00e4ngst vom unabh\u00e4ngigen und investigativ t\u00e4tigen Journalisten <a href=\"https:\/\/www.reitschuster.de\/\" target=\"_blank\" rel=\"noreferrer noopener\" aria-label=\"Boris Reitschuster (opens in a new tab)\">Boris Reitschuster<\/a> interviewt wurde, nicht von der Methodik und der Notwenigkeit der einschneidenden Corona-Ma\u00dfnahmen \u00fcberzeugt. Ein Youtube Video von Reitschuster wurde wegen des angeblichen Versto\u00dfes gegen die YT-Regeln gel\u00f6scht. In einem Folgevideo bringt er darauf seine Emp\u00f6rung zum Ausdruck. Bitte schaut euch dieses Live-Stream-Virdeo an, dann wird einiges klarer.<\/p>\r\n<p><iframe loading=\"lazy\" title=\"reitschuster.live: Verbotene Meinung: Wie Youtube Prof. Bhakdi zensiert\" width=\"810\" height=\"456\" src=\"https:\/\/www.youtube.com\/embed\/fxg4XggP-Dg?feature=oembed\" frameborder=\"0\" allow=\"accelerometer; autoplay; clipboard-write; encrypted-media; gyroscope; picture-in-picture; web-share\" referrerpolicy=\"strict-origin-when-cross-origin\" allowfullscreen><\/iframe><\/p>\r\n\r\n\r\n\r\n\r\n\r\n\r\n\r\n\r\n\r\n<p style=\"text-align: justify;\"><strong>Hinweis: <\/strong> Alle in diesem Blog vorgenommenen Darstellungen geben nur meine pers\u00f6nliche Meinung wieder. Diese Meinungs\u00e4u\u00dferung ist vom Grundgesetz f\u00fcr die Bundesrepublik Deutschland gesch\u00fctzt, welches ich ausdr\u00fccklich anerkenne. <strong>Bei diesem Blog handelt es sich um einen rein privaten Blog<\/strong>.<\/p>\r\n","protected":false},"excerpt":{"rendered":"<p>Die Corona-Pandemie, kein anderes Thema beherrscht zur Zeit unser Tagesgeschehen. Maskenpflicht, Quarant\u00e4ne, Corona-Tests, Superspreader-Events und t\u00e4glich werden uns diese Begriffe um die Ohren gehauen und die Zahlen neuer &#8222;Corona-F\u00e4lle&#8220;. Im M\u00e4rz 2020 wusste man nicht, was da auf einen zurollt! Mittlerweile sind die Meinungen von zum Sinn der Pandemiema\u00dfnahmen unter Wissenschaftlern umstritten. Am 20. Mai hatte ich berichtet, dass man in Ecuador in Ermangelung der Wirksamkeit anderer Mittel zu Chlordioxidl\u00f6sung bei der Bek\u00e4mpfung von COVID-19<\/p>\n","protected":false},"author":1,"featured_media":5632,"comment_status":"open","ping_status":"open","sticky":false,"template":"","format":"standard","meta":{"jetpack_post_was_ever_published":false,"_jetpack_newsletter_access":"","_jetpack_dont_email_post_to_subs":false,"_jetpack_newsletter_tier_id":0,"_jetpack_memberships_contains_paywalled_content":false,"_jetpack_memberships_contains_paid_content":false,"footnotes":"","jetpack_publicize_message":"","jetpack_publicize_feature_enabled":true,"jetpack_social_post_already_shared":true,"jetpack_social_options":{"image_generator_settings":{"template":"highway","enabled":false},"version":2}},"categories":[3,4,5,8],"tags":[1474,1472,1441,244,1452,1446,1473,1440,1444,1475],"class_list":["post-5627","post","type-post","status-publish","format-standard","has-post-thumbnail","hentry","category-bluevisions","category-dayvisions","category-linkvisions","category-rightvisions","tag-arbeitsgemeinschaft-influenza","tag-bhakdi","tag-cdl","tag-chlordioxid","tag-corona","tag-covid-19","tag-rki","tag-robert-koch-institut","tag-sars-cov-2","tag-sentinel"],"jetpack_publicize_connections":[],"jetpack_featured_media_url":"https:\/\/i0.wp.com\/visionblue.info\/wp-content\/uploads\/2020\/08\/Blolivien-CDL.jpg?fit=1470%2C1074&ssl=1","jetpack_sharing_enabled":true,"jetpack_shortlink":"https:\/\/wp.me\/paoLFj-1sL","_links":{"self":[{"href":"https:\/\/visionblue.info\/index.php?rest_route=\/wp\/v2\/posts\/5627","targetHints":{"allow":["GET"]}}],"collection":[{"href":"https:\/\/visionblue.info\/index.php?rest_route=\/wp\/v2\/posts"}],"about":[{"href":"https:\/\/visionblue.info\/index.php?rest_route=\/wp\/v2\/types\/post"}],"author":[{"embeddable":true,"href":"https:\/\/visionblue.info\/index.php?rest_route=\/wp\/v2\/users\/1"}],"replies":[{"embeddable":true,"href":"https:\/\/visionblue.info\/index.php?rest_route=%2Fwp%2Fv2%2Fcomments&post=5627"}],"version-history":[{"count":18,"href":"https:\/\/visionblue.info\/index.php?rest_route=\/wp\/v2\/posts\/5627\/revisions"}],"predecessor-version":[{"id":5894,"href":"https:\/\/visionblue.info\/index.php?rest_route=\/wp\/v2\/posts\/5627\/revisions\/5894"}],"wp:featuredmedia":[{"embeddable":true,"href":"https:\/\/visionblue.info\/index.php?rest_route=\/wp\/v2\/media\/5632"}],"wp:attachment":[{"href":"https:\/\/visionblue.info\/index.php?rest_route=%2Fwp%2Fv2%2Fmedia&parent=5627"}],"wp:term":[{"taxonomy":"category","embeddable":true,"href":"https:\/\/visionblue.info\/index.php?rest_route=%2Fwp%2Fv2%2Fcategories&post=5627"},{"taxonomy":"post_tag","embeddable":true,"href":"https:\/\/visionblue.info\/index.php?rest_route=%2Fwp%2Fv2%2Ftags&post=5627"}],"curies":[{"name":"wp","href":"https:\/\/api.w.org\/{rel}","templated":true}]}}