{"id":5866,"date":"2021-02-11T06:14:14","date_gmt":"2021-02-11T06:14:14","guid":{"rendered":"http:\/\/visionblue.info\/?p=5866"},"modified":"2021-02-14T09:26:23","modified_gmt":"2021-02-14T09:26:23","slug":"ehemaliger-richter-am-bundesverwaltungsgericht-zu-9-11","status":"publish","type":"post","link":"https:\/\/visionblue.info\/?p=5866","title":{"rendered":"Ehemaliger Richter am Bundesverwaltungsgericht zu 9\/11"},"content":{"rendered":"\r\n<figure class=\"wp-block-image size-large\"><img data-recalc-dims=\"1\" loading=\"lazy\" decoding=\"async\" width=\"651\" height=\"480\" class=\"wp-image-5865\" src=\"https:\/\/i0.wp.com\/visionblue.info\/wp-content\/uploads\/2021\/02\/img_3061.jpg?resize=651%2C480&#038;ssl=1\" alt=\"\" srcset=\"https:\/\/i0.wp.com\/visionblue.info\/wp-content\/uploads\/2021\/02\/img_3061.jpg?w=651&amp;ssl=1 651w, https:\/\/i0.wp.com\/visionblue.info\/wp-content\/uploads\/2021\/02\/img_3061.jpg?resize=300%2C221&amp;ssl=1 300w\" sizes=\"auto, (max-width: 651px) 100vw, 651px\" \/><\/figure>\r\n\r\n\r\n\r\n<p style=\"text-align: justify;\">Der am 21.08.2019 verstorbene Jurist Dieter Deiseroth (1950-2019), ehemaliger Richter am Bundesverwaltungsgericht, beantwortete im Jahr 2009 bei Telepolis Fragen zum 11. September 2001 und kommt zu ganz anderen Wertungen, als es durch den offiziellen Bericht der US-Regierung verlautbart wird. Er bezeichnet diesen Bericht als \u201eoffizielle Verschw\u00f6rungsversion\u201c.<\/p>\r\n\r\n\r\n\r\n<p style=\"text-align: justify;\"><em>&#8222;Telepolis: Es gab die 9\/11 Kommission, die, so zumindest die offizielle Lesart, aufgezeigt hat, dass die Anschl\u00e4ge in Afghanistan von Osama Bin Laden und den von ihm gesteuerten Al Qaida-Netzwerken ausgearbeitet worden sind.<\/em><\/p>\r\n<p><em>\r\n\r\n<\/em><\/p>\r\n<p style=\"text-align: justify;\"><em>Dieter Deiseroth: Die Ergebnisse und Schlussfolgerungen der 9\/11-Untersuchungskommission sind zu hinterfragen. Die Kommission bestand ganz \u00fcberwiegend aus Personen, die der Bush-Regierung sowie dem milit\u00e4risch-industriellen Komplex und den Geheimdiensten sehr nahe standen. Das galt auch f\u00fcr Henry Kissinger, dem zuerst der Vorsitz in der Kommission angetragen worden war, der dann aber bald zur\u00fccktreten musste, weil die \u00d6ffentlichkeit und gro\u00dfe Teile des Kongresses seine Unabh\u00e4ngigkeit massiv in Frage stellten.<\/em><\/p>\r\n<p><em>\r\n\r\n<\/em><\/p>\r\n<p style=\"text-align: justify;\"><em>Bis heute, also mehr als 8 Jahre nach 9\/11, hat keine unabh\u00e4ngige Stelle, kein unabh\u00e4ngiges Gericht, die zur Verf\u00fcgung stehenden angeblichen oder tats\u00e4chlichen Beweise \u00fcberpr\u00fcft und nachpr\u00fcfbar in einem rechtsstaatlichen Anforderungen gen\u00fcgenden Verfahren festgestellt, wer f\u00fcr die Anschl\u00e4ge von 9\/11 verantwortlich war. Was auf keinen Fall geht, ist zu sagen, die Beweisf\u00fchrung ist schwierig; es ist uns zu m\u00fchsam, die T\u00e4ter bzw. m\u00f6gliche Hinterm\u00e4nner zu ermitteln und dingfest zu machen. Deshalb umgehen wir diese rechtsstaatlichen Schwierigkeiten und fangen einen Krieg an, um m\u00f6gliche Tatverd\u00e4chtige mit milit\u00e4rischer Gewalt direkt unsch\u00e4dlich zu machen, also zu t\u00f6ten. Es darf in einem Rechtsstaat nicht sein, dass man auf die erforderlichen Ma\u00dfnahmen der Ermittlung von Verd\u00e4chtigen, ihre Dingfestmachung und eine Anklageerhebung vor einem unabh\u00e4ngigen Gericht verzichtet oder jedenfalls davon Abstand nimmt und stattdessen einen Krieg ausruft, ein fremdes Land bombardiert und milit\u00e4risch besetzt, in dem sich Tatverd\u00e4chtige oder m\u00f6gliche Hinterm\u00e4nner befinden sollen.<\/em><\/p>\r\n<p><em>\r\n\r\n<\/em><\/p>\r\n<p style=\"text-align: justify;\"><em>&#8230;<\/em><\/p>\r\n<p><em>\r\n\r\n<\/em><\/p>\r\n<p style=\"text-align: justify;\"><em>Telepolis: Wie sch\u00e4tzen Sie die vielen Zweifel an der offiziellen 9\/11-Version ein?<\/em><\/p>\r\n<p><em>\r\n\r\n<\/em><\/p>\r\n<p style=\"text-align: justify;\"><em>Dieter Deiseroth: Die von der Bush-Administration angef\u00fchrten angeblichen oder tats\u00e4chlichen Beweise f\u00fcr ihre offizielle 9\/11-Version ist, wie gesagt, bisher nie von einem unabh\u00e4ngigen Gericht gepr\u00fcft worden. Das wurde verhindert. Wer sich n\u00e4her mit der offiziellen Version einer \u201eSurprise-Verschw\u00f6rung\u201c (von Osama Bin Laden und vom Al Qaida-Netzwerk gesteuerter Attent\u00e4ter) auseinandersetzt, wird feststellen, dass man es mit vielen unbewiesenen Behauptungen zu tun hat, von denen einige mehr, andere weniger plausibel erscheinen. Warum werden die Beweise nicht vorgelegt? Warum gibt es wegen 9\/11 keinen Haftbefehl gegen Osama Bin Laden? Es sollte deshalb in jedem Falle schleunigst auf strikt rechtsstaatlicher Basis \u00fcberpr\u00fcft werden, ob die offizielle Verschw\u00f6rungs-Version, wie sie seit 8 Jahren gegen\u00fcber der \u00d6ffentlichkeit als Wahrheit ausgeben wird, auch tats\u00e4chlich der Wahrheit entspricht.&#8220;<\/em><\/p>\r\n\r\n\r\n\r\n<p style=\"text-align: justify;\">Quelle: <a href=\"https:\/\/www.heise.de\/tp\/features\/Das-schreit-geradezu-nach-Aufklaerung-3383769.html?fbclid=IwAR16_qbrh3-G24eG8Tv4YNHc-BdJuYriYlTVbfgsCmxJqPt-PegS2wCpJDU\">https:\/\/www.heise.de\/tp\/features\/Das-schreit-geradezu-nach-Aufklaerung-3383769.html<\/a><\/p>\r\n\r\n\r\n\r\n<p><a href=\"https:\/\/vdw-ev.de\/nachruf-dieter-deiseroth\/\" target=\"_blank\" rel=\"noopener noreferrer\">Nachruf auf Dieter Deiseroth durch die Vereinigung deutscher Wissenschaftler<\/a><\/p>\r\n<p>Weitere Informationen zu 9\/11: Focus Money 2\/2010 Artikel <a href=\"https:\/\/www.yumpu.com\/de\/document\/view\/21571450\/wir-glauben-euch-nicht-oliverjanichde\" target=\"_blank\" rel=\"noopener noreferrer\">\u201eWir glauben euch nicht\u201c<\/a><\/p>\r\n\r\n\r\n\r\n<p style=\"text-align: justify;\"><strong>Nachtrag: <\/strong>Ein Kommentar vom Chefkommentator der Welt, Torsten Krauel, vom 13.02.2021 <em><a href=\"https:\/\/www.welt.de\/politik\/ausland\/article226296533\/Plaene-zur-Schliessung-Mit-Guantanamo-koennte-Biden-die-USA-in-die-naechste-hitzige-Debatte-stuerzen.html\" target=\"_blank\" rel=\"noopener noreferrer\">&#8222;Mit Guant\u00e1namo k\u00f6nnte Biden die USA in die n\u00e4chste hitzige Debatte st\u00fcrzen&#8220;<\/a> <\/em>befasst sich mit dem Umstand, dass in <em>Guant\u00e1namo<\/em> immer noch 40 \u201ePremium-Internierte\u201c und \u201eHochrisiko-H\u00e4ftlinge\u201c inhaftiert sind, ohne dass diese bisher von den US-Justizbeh\u00f6rden oder US-Milit\u00e4rjustizbeh\u00f6rden angeklagt und von einem US-(Milit\u00e4r)Gericht wegen ihrer Beteiligung an den Terror-Anschl\u00e4gen des 11. September 2001 verurteilt worden w\u00e4ren. Dieter Deiseroth hatte diesen Missstand in dem oben verlinkten Interview kritisiert und ein rechtsstaatliches Verfahren eingefordert. Mittlerweile ist diese Forderung in der amerikanischen \u00d6ffentlichkeit von verschiedenen politischen Gruppierungen immer wieder gestellt worden. Das Dilemma von US-Pr\u00e4sident Biden ist es, dass er ganz sicher die bereits von US-Pr\u00e4sident Obama versprochene Aufl\u00f6sung des Internierungslagers <em>Guant\u00e1namo<\/em> nicht ohne einen ordentlichen Prozess, einen Schuldspruch und die \u00dcberf\u00fchrung der Verurteilten in den regul\u00e4ren US-Strafvollzug veranlassen kann.<br \/>Zitat: <br \/><em>&#8222;Die Demokraten betrachten heute diese nur aufgrund \u00e4u\u00dferer Merkmale und famili\u00e4rer Herkunft erfolgte kollektive Inhaftierung keineswegs mehr als leider notwendige Kriegsma\u00dfnahme, sondern als Schande. In den Zeiten von \u201eBlack Lives Matter\u201c und \u201eCancel Culture\u201c kann auch der harte Umgang mit Terroristen allm\u00e4hlich f\u00fcr innerparteilichen Streit sorgen. <\/em><br \/><em>&#8230;<\/em><br \/><em>Die entscheidende Frage f\u00fcr die Aufl\u00f6sung Guant\u00e1namos ist deshalb: W\u00fcrde die Akteneinsicht in die Anklage heute noch in demselben Ma\u00df CIA-Methoden und \u2013Quellen gef\u00e4hrden wie bei der Einrichtung des Lagers 2002? Oder k\u00f6nnte Biden es riskieren, die 40 Internierten tats\u00e4chlich aufs Festland zu bringen und vor US-Gerichten anklagen zu lassen, wie es bei sp\u00e4teren T\u00e4tern der Fall war &#8230;<\/em><br \/><em>&#8230;<\/em><br \/><em>Guant\u00e1namo auf ewig zu behalten, bis die Internierten dort gestorben sind, ist aber auch keine Option. Das widerspr\u00e4che amerikanischer Tradition, Geschichte, Rechts- und Verfassungsgrunds\u00e4tzen. Guant\u00e1namo ist ein Spaltungsthema par excellence. &#8230; Biden will Amerika wieder mit sich selbst vers\u00f6hnen. Eine hitzige Debatte \u00fcber die Schlie\u00dfung w\u00e4re eine Garantie daf\u00fcr, dass die nationale Vers\u00f6hnung so schnell nicht gelingen wird. F\u00e4nde Biden hingegen einen Weg, Guant\u00e1namo auf politisch, juristisch und sicherheitspolitisch einwandfreie Weise zu schlie\u00dfen, w\u00e4re wohl nicht nur Amerika, sondern auch die ganze westliche Welt ihm dankbar.&#8220;<\/em><\/p>\r\n<p><strong>Hinweis:<\/strong> Alle in diesem Blog vorgenommenen Darstellungen geben meine pers\u00f6nliche Meinung wieder. Diese Meinungs\u00e4u\u00dferung ist vom Grundgesetz f\u00fcr die Bundesrepublik Deutschland gesch\u00fctzt. Bei diesem Blog handelt es sich um einen rein privaten Blog.<\/p>\r\n","protected":false},"excerpt":{"rendered":"<p>Der am 21.08.2019 verstorbene Jurist Dieter Deiseroth (1950-2019), ehemaliger Richter am Bundesverwaltungsgericht, beantwortete im Jahr 2009 bei Telepolis Fragen zum 11. September 2001 und kommt zu ganz anderen Wertungen, als es durch den offiziellen Bericht der US-Regierung verlautbart wird. Er bezeichnet diesen Bericht als \u201eoffizielle Verschw\u00f6rungsversion\u201c. &#8222;Telepolis: Es gab die 9\/11 Kommission, die, so zumindest die offizielle Lesart, aufgezeigt hat, dass die Anschl\u00e4ge in Afghanistan von Osama Bin Laden und den von ihm gesteuerten Al<\/p>\n","protected":false},"author":1,"featured_media":5865,"comment_status":"open","ping_status":"open","sticky":false,"template":"","format":"standard","meta":{"jetpack_post_was_ever_published":false,"_jetpack_newsletter_access":"","_jetpack_dont_email_post_to_subs":false,"_jetpack_newsletter_tier_id":0,"_jetpack_memberships_contains_paywalled_content":false,"_jetpack_memberships_contains_paid_content":false,"footnotes":"","jetpack_publicize_message":"","jetpack_publicize_feature_enabled":true,"jetpack_social_post_already_shared":true,"jetpack_social_options":{"image_generator_settings":{"template":"highway","enabled":false},"version":2}},"categories":[3,5],"tags":[27,1513,1515,1514],"class_list":["post-5866","post","type-post","status-publish","format-standard","has-post-thumbnail","hentry","category-bluevisions","category-linkvisions","tag-27","tag-deiseroth","tag-focusmoney","tag-telepolis"],"jetpack_publicize_connections":[],"jetpack_featured_media_url":"https:\/\/i0.wp.com\/visionblue.info\/wp-content\/uploads\/2021\/02\/img_3061.jpg?fit=651%2C480&ssl=1","jetpack_sharing_enabled":true,"jetpack_shortlink":"https:\/\/wp.me\/paoLFj-1wC","_links":{"self":[{"href":"https:\/\/visionblue.info\/index.php?rest_route=\/wp\/v2\/posts\/5866","targetHints":{"allow":["GET"]}}],"collection":[{"href":"https:\/\/visionblue.info\/index.php?rest_route=\/wp\/v2\/posts"}],"about":[{"href":"https:\/\/visionblue.info\/index.php?rest_route=\/wp\/v2\/types\/post"}],"author":[{"embeddable":true,"href":"https:\/\/visionblue.info\/index.php?rest_route=\/wp\/v2\/users\/1"}],"replies":[{"embeddable":true,"href":"https:\/\/visionblue.info\/index.php?rest_route=%2Fwp%2Fv2%2Fcomments&post=5866"}],"version-history":[{"count":6,"href":"https:\/\/visionblue.info\/index.php?rest_route=\/wp\/v2\/posts\/5866\/revisions"}],"predecessor-version":[{"id":5898,"href":"https:\/\/visionblue.info\/index.php?rest_route=\/wp\/v2\/posts\/5866\/revisions\/5898"}],"wp:featuredmedia":[{"embeddable":true,"href":"https:\/\/visionblue.info\/index.php?rest_route=\/wp\/v2\/media\/5865"}],"wp:attachment":[{"href":"https:\/\/visionblue.info\/index.php?rest_route=%2Fwp%2Fv2%2Fmedia&parent=5866"}],"wp:term":[{"taxonomy":"category","embeddable":true,"href":"https:\/\/visionblue.info\/index.php?rest_route=%2Fwp%2Fv2%2Fcategories&post=5866"},{"taxonomy":"post_tag","embeddable":true,"href":"https:\/\/visionblue.info\/index.php?rest_route=%2Fwp%2Fv2%2Ftags&post=5866"}],"curies":[{"name":"wp","href":"https:\/\/api.w.org\/{rel}","templated":true}]}}