{"id":6789,"date":"2022-09-30T20:00:38","date_gmt":"2022-09-30T20:00:38","guid":{"rendered":"https:\/\/visionblue.info\/?p=6789"},"modified":"2022-10-01T16:58:30","modified_gmt":"2022-10-01T16:58:30","slug":"verfehlte-energiepolitik-fuehrt-zu-hoher-blackout-gefahr","status":"publish","type":"post","link":"https:\/\/visionblue.info\/?p=6789","title":{"rendered":"Verfehlte Energiepolitik f\u00fchrt zu hoher Blackout-Gefahr"},"content":{"rendered":"<p><img data-recalc-dims=\"1\" loading=\"lazy\" decoding=\"async\" class=\"alignnone size-full wp-image-6790\" src=\"https:\/\/i0.wp.com\/visionblue.info\/wp-content\/uploads\/2022\/10\/blackout.jpg?resize=810%2C572&#038;ssl=1\" alt=\"\" width=\"810\" height=\"572\" srcset=\"https:\/\/i0.wp.com\/visionblue.info\/wp-content\/uploads\/2022\/10\/blackout.jpg?w=1920&amp;ssl=1 1920w, https:\/\/i0.wp.com\/visionblue.info\/wp-content\/uploads\/2022\/10\/blackout.jpg?resize=300%2C212&amp;ssl=1 300w, https:\/\/i0.wp.com\/visionblue.info\/wp-content\/uploads\/2022\/10\/blackout.jpg?resize=1024%2C724&amp;ssl=1 1024w, https:\/\/i0.wp.com\/visionblue.info\/wp-content\/uploads\/2022\/10\/blackout.jpg?resize=768%2C543&amp;ssl=1 768w, https:\/\/i0.wp.com\/visionblue.info\/wp-content\/uploads\/2022\/10\/blackout.jpg?resize=1536%2C1086&amp;ssl=1 1536w, https:\/\/i0.wp.com\/visionblue.info\/wp-content\/uploads\/2022\/10\/blackout.jpg?w=1620&amp;ssl=1 1620w\" sizes=\"auto, (max-width: 810px) 100vw, 810px\" \/><\/p>\n<div dir=\"auto\" style=\"text-align: justify;\">Das Thema <a class=\"qi72231t nu7423ey n3hqoq4p r86q59rh b3qcqh3k fq87ekyn bdao358l fsf7x5fv rse6dlih s5oniofx m8h3af8h l7ghb35v kjdc1dyq kmwttqpk srn514ro oxkhqvkx rl78xhln nch0832m cr00lzj9 rn8ck1ys s3jn8y49 icdlwmnq cxfqmxzd d1w2l3lo tes86rjd\" tabindex=\"0\" role=\"link\" href=\"https:\/\/www.facebook.com\/hashtag\/blackout?__eep__=6&amp;__cft__[0]=AZV2R5YQIXALFD6BXAR7LjSFmo4e-4MAU-cbkmWJRDBKnGOF3QX13M0dkrAfhhecAu8vL5PPAELSG5u5dniOP3txfJ5FGmXAFpmsk5BHkJcBiToda-UKZEqvlDxF-2ofvMNdN_3BVnrN7y6Ccf_mseL6wUdBe0WJscEHSwhr32BIDg&amp;__tn__=*NK-R\">#Blackout<\/a> ist nicht auf die leichte Schulter zu nehmen. Wir hatten jahrzehntelang ein ziemlich leistungsf\u00e4higes nationales Stromnetz, jedoch f\u00fchrt das jahrelange best\u00e4ndige Abschalten von Kohle- und Kernkraftwerken, die die Grundlastf\u00e4higkeit entscheidend st\u00fctzten, mehr und mehr zu dem Problem, dass der Strombedarf, der sich in der Grundlast darstellt, zunehmend nicht mehr bedient werden kann. Die Fantasievorstellung, dass man ausschlie\u00dflich mit sog. Erneuerbaren Energien den wachsenden Strombedarf decken k\u00f6nnte, ist nicht nur irrig, sondern auch gef\u00e4hrlich.<\/div>\n<div dir=\"auto\"><\/div>\n<div dir=\"auto\" style=\"text-align: justify;\">Der Vorsitzende des Deutschen St\u00e4dte- und Gemeindebundes, Gerd Landsberg, warnt Deutschland <a href=\"https:\/\/www.focus.de\/politik\/deutschland\/gefahr-ist-gegeben-staedte-chef-landsberg-warnt-vor-blackouts-in-ganz-deutschland_id_144039380.html\" target=\"_blank\" rel=\"noopener\">laut Focus Online vom 11.09.2022<\/a> vor fl\u00e4chendeckenden Stromausf\u00e4llen im kommenden Winter. Nebenbei ruft er die B\u00fcrger dringend dazu auf, sich Vorr\u00e4te f\u00fcr den Katastrophenfall zuzulegen. Leider gibt der DStGB keinen kritischen Kommentar zu den Ursachen dieser st\u00e4ndig zunehmenden Gefahr ab.<\/div>\n<div dir=\"auto\"><\/div>\n<div dir=\"auto\" style=\"text-align: justify;\">Das Problem, welche fatalen Folgen ein Blackout haben kann, wird bedauerlicherweise nicht ausreichend beleuchtet. Wir sind heutzutage an die schnelle Kommunikation \u00fcber Messenger-Dienste, Videokonferenzen und E-Mails gew\u00f6hnt und k\u00f6nnen uns gar nicht mehr vorstellen, ohne diese Dinge klarkommen zu m\u00fcssen. Jedoch wird bei einem Blackout nichts dergleichen mehr m\u00f6glich sein. Ein simpler Notruf beispielsweise wird nicht mehr funktionieren, wenn das VoIP-Telefon wegen des Ausfalls des Stroms und damit des Internets keinen Mucks mehr macht und dein Handy kein Netz mehr anzeigt. Das jedoch ist nur ein Problem von vielen. Ein \u00d6sterreicher hat sich zu dem Thema Blackout schon viele Gedanken gemacht. Ich fand seinen Leitfaden <a href=\"https:\/\/visionblue.info\/wp-content\/uploads\/2022\/10\/Meine-Gemeinde-auf-ein-Blackout-vorbereiten.pdf\" target=\"_blank\" rel=\"noopener\">\u201eMeine Gemeinde auf ein Blackout vorbereiten\u201c<\/a> im Internet und bin zum einen beeindruckt, wie umfassend er dieses Thema bereits 2015 beleuchtet hat, zum anderen war ich erschrocken, wie blau\u00e4ugig die Politik dieses Thema angeht und es durch Ignoranz beiseite schiebt. Am 23.09.2022 telefonierte ich mit Herrn Saurugg und er best\u00e4tigte meine Bef\u00fcrchtung, dass das europ\u00e4ische Stromnetz immer labiler wird und sich die Gefahr eines gro\u00dfen Blackouts immer mehr vergegenw\u00e4rtigt. Die von ihm verfasste Abhandlung sollte allen zu denken geben, die die Problematik beiseite schieben wollen. Bitte nehmt sie zur Kenntnis und zieht eure eigenen Schl\u00fcsse daraus. Dann solltet ihr euren B\u00fcrgermeister sowie eure Wahlkreisabgeordneten kontaktieren und sie fragen, wie eure Gemeinde, euer Landkreis, euer Land auf diesen Fall vorbereitet ist. Ihr d\u00fcrft auf die Antworten gespannt sein! Lasst euch nicht abwimmeln, wie gesagt, das Thema ist ernst!<\/div>\n<div dir=\"auto\"><\/div>\n<div dir=\"auto\" style=\"text-align: justify;\">Im Einzelnen kann man sich das aktuelle Dilemma der Stromproduktion vieler Staaten in Europa auf der Seite <a href=\"https:\/\/energy-charts.info\/index.html?l=de&amp;c=DE\" target=\"_blank\" rel=\"noopener\">energy-charts.info<\/a> des Fraunhofer-Instituts anschauen. Die nachfolgenden Grafiken (Bitte zum Vergr\u00f6\u00dfern auf die Grafik klicken) zeigen die nationale Stromproduktion einiger ausgew\u00e4hlter Staaten der EU (Ausnahme Nicht-EU-Staat Schweiz) der 37. Kalenderwoche 2022. Die farblichen Streifen und die schwarzen Linien geben Aufschluss dar\u00fcber, wieviel Strom im jeweiligen Staat aus welchen Stromquellen generiert wird und wieviel Strom der jeweilige Staat an Laststrom ben\u00f6tigt. Interessant: Die roten Farbstreifen stellen die Anteile der Stromproduktion aus Kernkraft dar; die orangen Farbstreifen, den Anteil aus Erdgas! Italien ist bei Letzterem Spitzenreiter, Frankreich bei Atomkraft. Jeder kann sich jede Woche selbst informieren, wie es um das Stromnetz steht. Eines ist klar: Jedes abgeschaltete Grundlastkraftwerk verschlimmert die Situation denn der Strombedarf ist seit Jahren steigend und mit Flatterstrom aus Solarenergie und Windkraft ist eines sichere Versorgung nicht m\u00f6glich!<\/div>\n<div dir=\"auto\"><a href=\"https:\/\/i0.wp.com\/visionblue.info\/wp-content\/uploads\/2022\/10\/Europa-Vergleich-Stromproduktion.jpg?ssl=1\" target=\"_blank\" rel=\"noopener\"><img data-recalc-dims=\"1\" loading=\"lazy\" decoding=\"async\" class=\"alignnone size-full wp-image-6793\" src=\"https:\/\/i0.wp.com\/visionblue.info\/wp-content\/uploads\/2022\/10\/Europa-Vergleich-Stromproduktion.jpg?resize=810%2C913&#038;ssl=1\" alt=\"\" width=\"810\" height=\"913\" srcset=\"https:\/\/i0.wp.com\/visionblue.info\/wp-content\/uploads\/2022\/10\/Europa-Vergleich-Stromproduktion.jpg?w=1816&amp;ssl=1 1816w, https:\/\/i0.wp.com\/visionblue.info\/wp-content\/uploads\/2022\/10\/Europa-Vergleich-Stromproduktion.jpg?resize=266%2C300&amp;ssl=1 266w, https:\/\/i0.wp.com\/visionblue.info\/wp-content\/uploads\/2022\/10\/Europa-Vergleich-Stromproduktion.jpg?resize=908%2C1024&amp;ssl=1 908w, https:\/\/i0.wp.com\/visionblue.info\/wp-content\/uploads\/2022\/10\/Europa-Vergleich-Stromproduktion.jpg?resize=768%2C866&amp;ssl=1 768w, https:\/\/i0.wp.com\/visionblue.info\/wp-content\/uploads\/2022\/10\/Europa-Vergleich-Stromproduktion.jpg?resize=1362%2C1536&amp;ssl=1 1362w, https:\/\/i0.wp.com\/visionblue.info\/wp-content\/uploads\/2022\/10\/Europa-Vergleich-Stromproduktion.jpg?w=1620&amp;ssl=1 1620w\" sizes=\"auto, (max-width: 810px) 100vw, 810px\" \/><\/a><\/div>\n<div dir=\"auto\" style=\"text-align: justify;\">\u00dcberdies ist der Plan einiger Regierungen europ\u00e4ischer Staaten, die grundlastf\u00e4hige Stromproduktion aus Kernkraft und Kohle durch den Energietr\u00e4ger Erdgas zu ersetzen, durch den faktischen Wegfall der russischen Ressourcen auf Sand gebaut! Wie sich zeigte, reichten nur<a href=\"https:\/\/www.heise.de\/news\/Nord-Stream-1-und-2-Explosionen-mit-der-Sprengkraft-hunderter-Kilo-TNT-7281846.html\" target=\"_blank\" rel=\"noopener\"> 4 Sprengs\u00e4tze um bedeutende Transportleitungen f\u00fcr diesen Energietr\u00e4ger au\u00dfer Funktion zu setzen<\/a>. Nord-Stream 1 und 2 sind damit faktisch auf unbestimmte Zeit ausgefallen. Ob die ausgefallenen Kapazit\u00e4ten durch Fracking-Gas aus den USA und den aufwendigen Transfer nach Europa mittels LNG-Tankern kompensiert werden k\u00f6nnen, erscheint mehr als fraglich.<\/div>\n<div dir=\"auto\"><\/div>\n<div dir=\"auto\" style=\"text-align: justify;\">Selbst die Stromproduktion aus Kernkraft kann ins Stocken geraten. Dies zeigt das Beispiel Frankreich, wo der \u00fcberwiegende Teil der Stromproduktion mit Kernkraft erfolgt. <a href=\"https:\/\/blackout-news.de\/aktuelles\/kontrollierte-stromausfaelle-frankreich-bereitet-sich-auf-winterliche-stromknappheit-vor\/\" target=\"_blank\" rel=\"noopener\">Im August 2022 waren mehr als die H\u00e4lfte der franz\u00f6sischen Kernkraftwerke (die normalerweise \u00fcber 70 % des Stroms liefern) au\u00dfer Betrieb<\/a>. Zum Teil lag dies an Wartungsarbeiten, zum Teil, um m\u00f6gliche Beeintr\u00e4chtigungen ihres sicheren Betriebs zu beheben, und zum Teil, weil der Wasserstand der Fl\u00fcsse, in denen sie liegen, zu niedrig war, um die Reaktoren k\u00fchl zu halten. Die nachfolgende Grafik zeigt einen Vergleich der franz\u00f6sischen Stromproduktion der 37. Kalenderwoche aus 2021 mit der aus 2022 (Bitte zum Vergr\u00f6\u00dfern auf die Grafik klicken).<br \/>\n<a href=\"https:\/\/i0.wp.com\/visionblue.info\/wp-content\/uploads\/2022\/10\/Frankreich-Vergleich-2021-2022.jpg?ssl=1\" target=\"_blank\" rel=\"noopener\"><img data-recalc-dims=\"1\" loading=\"lazy\" decoding=\"async\" class=\"alignnone size-full wp-image-6794\" src=\"https:\/\/i0.wp.com\/visionblue.info\/wp-content\/uploads\/2022\/10\/Frankreich-Vergleich-2021-2022.jpg?resize=810%2C1117&#038;ssl=1\" alt=\"\" width=\"810\" height=\"1117\" srcset=\"https:\/\/i0.wp.com\/visionblue.info\/wp-content\/uploads\/2022\/10\/Frankreich-Vergleich-2021-2022.jpg?w=1231&amp;ssl=1 1231w, https:\/\/i0.wp.com\/visionblue.info\/wp-content\/uploads\/2022\/10\/Frankreich-Vergleich-2021-2022.jpg?resize=218%2C300&amp;ssl=1 218w, https:\/\/i0.wp.com\/visionblue.info\/wp-content\/uploads\/2022\/10\/Frankreich-Vergleich-2021-2022.jpg?resize=743%2C1024&amp;ssl=1 743w, https:\/\/i0.wp.com\/visionblue.info\/wp-content\/uploads\/2022\/10\/Frankreich-Vergleich-2021-2022.jpg?resize=768%2C1059&amp;ssl=1 768w, https:\/\/i0.wp.com\/visionblue.info\/wp-content\/uploads\/2022\/10\/Frankreich-Vergleich-2021-2022.jpg?resize=1114%2C1536&amp;ssl=1 1114w\" sizes=\"auto, (max-width: 810px) 100vw, 810px\" \/><\/a><\/div>\n<div dir=\"auto\" style=\"text-align: justify;\">\n<p>Wie sich zeigt, ist die Stromproduktion aus Kernkraft in Frankreich wesentlich eingebrochen und f\u00fchrte dazu, dass die Grundlast nicht aus eigener nationaler Produktion gedeckt werden kann. Wenn Frankreich also seine Grundlast zeitweilig nicht mit dem Strom aus seiner eigenen Produktion decken kann, muss es, wie viele andere Staaten auch, die fehlenden Kapazit\u00e4ten importieren. Wieviel das im Jahr 2022 sein wird und wieviel Frankreich im Jahr 2021 noch \u00fcbersch\u00fcssig exportierte, zeigt sich an folgender Grafik:<br \/>\n<img data-recalc-dims=\"1\" loading=\"lazy\" decoding=\"async\" class=\"alignnone size-full wp-image-6797\" src=\"https:\/\/i0.wp.com\/visionblue.info\/wp-content\/uploads\/2022\/10\/Export-Import-DE-FR-2022.jpg?resize=810%2C1222&#038;ssl=1\" alt=\"\" width=\"810\" height=\"1222\" srcset=\"https:\/\/i0.wp.com\/visionblue.info\/wp-content\/uploads\/2022\/10\/Export-Import-DE-FR-2022.jpg?w=1042&amp;ssl=1 1042w, https:\/\/i0.wp.com\/visionblue.info\/wp-content\/uploads\/2022\/10\/Export-Import-DE-FR-2022.jpg?resize=199%2C300&amp;ssl=1 199w, https:\/\/i0.wp.com\/visionblue.info\/wp-content\/uploads\/2022\/10\/Export-Import-DE-FR-2022.jpg?resize=679%2C1024&amp;ssl=1 679w, https:\/\/i0.wp.com\/visionblue.info\/wp-content\/uploads\/2022\/10\/Export-Import-DE-FR-2022.jpg?resize=768%2C1159&amp;ssl=1 768w, https:\/\/i0.wp.com\/visionblue.info\/wp-content\/uploads\/2022\/10\/Export-Import-DE-FR-2022.jpg?resize=1018%2C1536&amp;ssl=1 1018w\" sizes=\"auto, (max-width: 810px) 100vw, 810px\" \/><\/p>\n<p>Mithin ist ersichtlich, dass Frankreich im Jahr 2022 12,4 TerraWattstunden auf Grund verringerter Kapazit\u00e4ten bei der Kernkraft an Strom importieren muss und dort also ein Defizit ersichtlich ist, w\u00e4hrend 2021 42,9 TerraWattstunden an reinem Stromexport realisiert werden konnte. Hieraus kann und muss man ableiten, dass man sich auf Stromimporte aus anderen vermeintlich leistungsf\u00e4higen europ\u00e4ischen Staaten bei Mangellagen in den Bereichen Windkraft und Solarenergie nicht verlassen kann. Grundlastf\u00e4hige Kraftwerke bleiben daher ein Muss!<\/p>\n<p><span style=\"color: #808080;\"><strong>Rechtlicher Hinweis:<\/strong><\/span><br \/>\n<span style=\"color: #808080;\">Alle Abbildungen dienen lediglich der Berichterstattung und nicht der Verwertung im Sinne des Urheberrechtes. Alle in diesem Blog vorgenommenen Darstellungen geben meine pers\u00f6nliche Meinung wieder. Diese Meinungs\u00e4u\u00dferung ist vom Grundgesetz f\u00fcr die Bundesrepublik Deutschland gesch\u00fctzt. Bei diesem Blog handelt es sich um einen rein privaten Blog. \u00a0<\/span><\/p>\n<p>&nbsp;<\/p>\n<\/div>\n<div dir=\"auto\"><\/div>\n","protected":false},"excerpt":{"rendered":"<p>Das Thema #Blackout ist nicht auf die leichte Schulter zu nehmen. Wir hatten jahrzehntelang ein ziemlich leistungsf\u00e4higes nationales Stromnetz, jedoch f\u00fchrt das jahrelange best\u00e4ndige Abschalten von Kohle- und Kernkraftwerken, die die Grundlastf\u00e4higkeit entscheidend st\u00fctzten, mehr und mehr zu dem Problem, dass der Strombedarf, der sich in der Grundlast darstellt, zunehmend nicht mehr bedient werden kann. Die Fantasievorstellung, dass man ausschlie\u00dflich mit sog. Erneuerbaren Energien den wachsenden Strombedarf decken k\u00f6nnte, ist nicht nur irrig, sondern auch<\/p>\n","protected":false},"author":1,"featured_media":6790,"comment_status":"open","ping_status":"open","sticky":false,"template":"","format":"standard","meta":{"jetpack_post_was_ever_published":false,"_jetpack_newsletter_access":"","_jetpack_dont_email_post_to_subs":false,"_jetpack_newsletter_tier_id":0,"_jetpack_memberships_contains_paywalled_content":false,"_jetpack_memberships_contains_paid_content":false,"footnotes":"","jetpack_publicize_message":"","jetpack_publicize_feature_enabled":true,"jetpack_social_post_already_shared":true,"jetpack_social_options":{"image_generator_settings":{"template":"highway","enabled":false},"version":2}},"categories":[3,4,5],"tags":[1689,1681,1680,1688,1430,1678,1432,1686,1685,1687,1690],"class_list":["post-6789","post","type-post","status-publish","format-standard","has-post-thumbnail","hentry","category-bluevisions","category-dayvisions","category-linkvisions","tag-blackout","tag-energiekrise","tag-erdgas","tag-frankreich","tag-grundlast","tag-kernkraft","tag-kraftwerke","tag-nordstream","tag-russland","tag-sabotage","tag-saurugg"],"jetpack_publicize_connections":[],"jetpack_featured_media_url":"https:\/\/i0.wp.com\/visionblue.info\/wp-content\/uploads\/2022\/10\/blackout.jpg?fit=1920%2C1357&ssl=1","jetpack_sharing_enabled":true,"jetpack_shortlink":"https:\/\/wp.me\/paoLFj-1Lv","_links":{"self":[{"href":"https:\/\/visionblue.info\/index.php?rest_route=\/wp\/v2\/posts\/6789","targetHints":{"allow":["GET"]}}],"collection":[{"href":"https:\/\/visionblue.info\/index.php?rest_route=\/wp\/v2\/posts"}],"about":[{"href":"https:\/\/visionblue.info\/index.php?rest_route=\/wp\/v2\/types\/post"}],"author":[{"embeddable":true,"href":"https:\/\/visionblue.info\/index.php?rest_route=\/wp\/v2\/users\/1"}],"replies":[{"embeddable":true,"href":"https:\/\/visionblue.info\/index.php?rest_route=%2Fwp%2Fv2%2Fcomments&post=6789"}],"version-history":[{"count":6,"href":"https:\/\/visionblue.info\/index.php?rest_route=\/wp\/v2\/posts\/6789\/revisions"}],"predecessor-version":[{"id":6804,"href":"https:\/\/visionblue.info\/index.php?rest_route=\/wp\/v2\/posts\/6789\/revisions\/6804"}],"wp:featuredmedia":[{"embeddable":true,"href":"https:\/\/visionblue.info\/index.php?rest_route=\/wp\/v2\/media\/6790"}],"wp:attachment":[{"href":"https:\/\/visionblue.info\/index.php?rest_route=%2Fwp%2Fv2%2Fmedia&parent=6789"}],"wp:term":[{"taxonomy":"category","embeddable":true,"href":"https:\/\/visionblue.info\/index.php?rest_route=%2Fwp%2Fv2%2Fcategories&post=6789"},{"taxonomy":"post_tag","embeddable":true,"href":"https:\/\/visionblue.info\/index.php?rest_route=%2Fwp%2Fv2%2Ftags&post=6789"}],"curies":[{"name":"wp","href":"https:\/\/api.w.org\/{rel}","templated":true}]}}